{"id":335272,"date":"2024-08-26T00:00:48","date_gmt":"2024-08-26T03:00:48","guid":{"rendered":"https:\/\/www.notibras.com\/site\/?p=335272"},"modified":"2024-08-26T08:53:00","modified_gmt":"2024-08-26T11:53:00","slug":"comunidades-se-erguem-para-mostrar-favela-zero-no-nordeste","status":"publish","type":"post","link":"https:\/\/www.notibras.com\/site\/comunidades-se-erguem-para-mostrar-favela-zero-no-nordeste\/","title":{"rendered":"Comunidades se erguem para mostrar favela zero no Nordeste"},"content":{"rendered":"<p>Os estados nordestinos promoveram neste fim de semana, simultaneamente com outras regi\u00f5es do Pa\u00eds, a etapa estadual da confer\u00eancia internacional de favela, um momento cr\u00edtico na prepara\u00e7\u00e3o para a Global Favela F\u00f3rum, que acontecer\u00e1 no Rio de Janeiro. A promo\u00e7\u00e3o \u00e9 da Central \u00danica das Favelas (Cufa) e serviu como um marco no processo de engajamento e envolvimento das favelas em discuss\u00f5es importantes para o desenvolvimento social.<\/p>\n<p>A finalidade \u00e9 produzir um documento onde as propostas consolidadas s\u00e3o apresentadas e debatidas. Este evento \u00e9 um passo para a constru\u00e7\u00e3o de uma agenda unificada a ser levada ao G20 Social.<\/p>\n<p>O presidente da Cufa, Preto Zez\u00e9 falou sobre a import\u00e2ncia desse encontro. \u201cN\u00f3s estamos aqui, numa reuni\u00e3o hist\u00f3rica, tendo o reconhecimento nacional do governo brasileiro que preside o G20, para a gente desencadear uma s\u00e9rie de agendas importantes, e vamos mostrar ao mundo o que as economias mais potentes do mundo precisam conhecer, que \u00e9 um pa\u00eds chamado favela\u201d.<\/p>\n<p>O documento vai ter sugest\u00f5es de mais de 3 mil favelas de onde sair\u00e1 um compilado para apresentar na reuni\u00e3o do G 20, em novembro, no Rio. Preto Zez\u00e9 falou que o enfrentamento da desigualdade social \u00e9 um tema debatido por todos. \u201cOutro tema central \u00e9 o empreendedorismo nas favelas, onde as pessoas empregam moradores das comunidades e geram economia e renda. Al\u00e9m disso temos que focar na mobilidade, com o objetivo de melhorar infraestrutura desses lugares para a popula\u00e7\u00e3o. Nosso objetivo \u00e9 conseguir que as pessoas que vivem nessas favelas tenham dignidade\u201d.<\/p>\n<p>O presidente da Cufa falou tamb\u00e9m das religi\u00f5es de matrizes africanas como o candombl\u00e9 e a umbanda, que vivem em constante conflito com os evang\u00e9licos. \u201cNa verdade s\u00e3o v\u00e1rias religi\u00f5es nas comunidades. Tem macumba, tem esp\u00edrita, tem evang\u00e9lico. O que nos interessa \u00e9 o que as pessoas da comunidade realmente querem. Religi\u00e3o todo mundo tem, todo mundo pega o mesmo \u00f4nibus, as crian\u00e7as se encontram na mesma creche e os postos de sa\u00fade das comunidades s\u00e3o frequentados por todos os moradores e esses s\u00e3o pontos centrais que nos unem\u201d.<\/p>\n<p>O ministro da Secretaria-Geral da Presid\u00eancia da Rep\u00fablica, M\u00e1rcio Mac\u00eado, tamb\u00e9m participou da Confer\u00eancia Estadual da Central \u00danica das Favelas (CUFA). O G20 Favelas \u00e9 uma iniciativa inovadora que coloca as favelas no mapa do G20, liderada pela Cufa, Central \u00danica das Favelas e as frentes Nacional Antirracista e Parlamentar das Favelas, com chancela da Unesco Brasil.<\/p>\n<p>Para o ministro M\u00e1rcio Mac\u00eado, a integra\u00e7\u00e3o das perspectivas das favelas no di\u00e1logo global \u00e9 um passo hist\u00f3rico dentro do G20 Social. \u201cEssa \u00e9 uma cria\u00e7\u00e3o in\u00e9dita do Brasil, no ambiente dos chefes do Estado do G20. Os debates j\u00e1 est\u00e3o acontecendo no pa\u00eds inteiro e nos outros 20 pa\u00edses com a economia mais forte do mundo. Est\u00e3o sendo debatidos, engajamento, juventude, tribunais de contas, mulheres, trabalho e movimento social. Os movimentos sociais do Brasil e desses pa\u00edses est\u00e3o fazendo seus debates, como a Cufa est\u00e1 promovendo o G20 Favelas e isso vai culminar com o G20 Social que vai acontecer nos dias 14, 15 e 16 de novembro, antes da reuni\u00e3o da C\u00fapula do G20, no Rio de Janeiro. N\u00f3s vamos produzir um documento que ser\u00e1 entregue aos chefes de Estado\u201d.<\/p>\n<p>O ministro M\u00e1rcio Mac\u00eado disse que &#8220;esse \u00e9 um dos desafios hist\u00f3ricos do estado brasileiro que \u00e9 aperfei\u00e7oar a gest\u00e3o para chegar a uma estrutura institucional preparada para lidar com a diversidade da democracia brasileira, n\u00e3o s\u00f3 expressa na for\u00e7a das organiza\u00e7\u00f5es e movimentos sociais, mas na for\u00e7a das narrativas expressas pela sociedade em movimento, com as vozes de pessoas e comunidades que vivem, na ponta, n\u00e3o s\u00f3 os problemas, mas as solu\u00e7\u00f5es, pensadas sob a perspectiva local, projetadas para a escala global\u201d, explicou.<\/p>\n<p>Segundo o ministro, \u201cesta \u00e9 a grande inova\u00e7\u00e3o do G20 Social, que recebe com entusiasmo a agenda e atua\u00e7\u00e3o extremamente organizada e estrat\u00e9gica do G20 Favelas. O presidente Lula costuma dizer que n\u00e3o h\u00e1 pol\u00edtica p\u00fablica que se efetive sem participa\u00e7\u00e3o social. Lugar de fazer pol\u00edtica p\u00fablica \u00e9 nas ruas\u201d, avaliou Mac\u00eado.<\/p>\n","protected":false},"excerpt":{"rendered":"<p>Os estados nordestinos promoveram neste fim de semana, simultaneamente com outras regi\u00f5es do Pa\u00eds, a etapa estadual da confer\u00eancia internacional de favela, um momento cr\u00edtico na prepara\u00e7\u00e3o para a Global Favela F\u00f3rum, que acontecer\u00e1 no Rio de Janeiro. A promo\u00e7\u00e3o \u00e9 da Central \u00danica das Favelas (Cufa) e serviu como um marco no processo de [&hellip;]<\/p>\n","protected":false},"author":2,"featured_media":319259,"comment_status":"closed","ping_status":"closed","sticky":false,"template":"","format":"standard","meta":{"_acf_changed":false,"footnotes":""},"categories":[165],"tags":[],"class_list":["post-335272","post","type-post","status-publish","format-standard","has-post-thumbnail","hentry","category-nordeste"],"acf":[],"_links":{"self":[{"href":"https:\/\/www.notibras.com\/site\/wp-json\/wp\/v2\/posts\/335272","targetHints":{"allow":["GET"]}}],"collection":[{"href":"https:\/\/www.notibras.com\/site\/wp-json\/wp\/v2\/posts"}],"about":[{"href":"https:\/\/www.notibras.com\/site\/wp-json\/wp\/v2\/types\/post"}],"author":[{"embeddable":true,"href":"https:\/\/www.notibras.com\/site\/wp-json\/wp\/v2\/users\/2"}],"replies":[{"embeddable":true,"href":"https:\/\/www.notibras.com\/site\/wp-json\/wp\/v2\/comments?post=335272"}],"version-history":[{"count":1,"href":"https:\/\/www.notibras.com\/site\/wp-json\/wp\/v2\/posts\/335272\/revisions"}],"predecessor-version":[{"id":335273,"href":"https:\/\/www.notibras.com\/site\/wp-json\/wp\/v2\/posts\/335272\/revisions\/335273"}],"wp:featuredmedia":[{"embeddable":true,"href":"https:\/\/www.notibras.com\/site\/wp-json\/wp\/v2\/media\/319259"}],"wp:attachment":[{"href":"https:\/\/www.notibras.com\/site\/wp-json\/wp\/v2\/media?parent=335272"}],"wp:term":[{"taxonomy":"category","embeddable":true,"href":"https:\/\/www.notibras.com\/site\/wp-json\/wp\/v2\/categories?post=335272"},{"taxonomy":"post_tag","embeddable":true,"href":"https:\/\/www.notibras.com\/site\/wp-json\/wp\/v2\/tags?post=335272"}],"curies":[{"name":"wp","href":"https:\/\/api.w.org\/{rel}","templated":true}]}}