{"id":335274,"date":"2024-08-26T07:04:12","date_gmt":"2024-08-26T10:04:12","guid":{"rendered":"https:\/\/www.notibras.com\/site\/?p=335274"},"modified":"2024-08-26T09:09:37","modified_gmt":"2024-08-26T12:09:37","slug":"fumaca-de-queimadas-cobre-brasilia-e-outras-capitais","status":"publish","type":"post","link":"https:\/\/www.notibras.com\/site\/fumaca-de-queimadas-cobre-brasilia-e-outras-capitais\/","title":{"rendered":"Fuma\u00e7a de queimadas cobre Bras\u00edlia e outras capitais"},"content":{"rendered":"<p>A capital do pa\u00eds tem amanhecido coberta por fuma\u00e7a proveniente de queimadas em outras regi\u00f5es do pa\u00eds. O mesmo fen\u00f4meno foi registrado em outras capitais do Centro-Oeste, como Goi\u00e2nia, e do Sudeste, como Belo Horizonte.<\/p>\n<p>De acordo com o Corpo de Bombeiros Militares do Distrito Federal (CBMDF), que analisou imagens de sat\u00e9lite, a densa fuma\u00e7a, encobrindo pr\u00e9dios oficiais como o do Congresso Nacional, \u00e9 intensificada pelas queimadas que ocorrem no estado de S\u00e3o Paulo, trazida por ventos favor\u00e1veis.<\/p>\n<p>Contribui para o fen\u00f4meno a seca em Bras\u00edlia, onde n\u00e3o chove h\u00e1 mais de 120 dias. A falta de chuvas \u00e9 comum nesta \u00e9poca do ano na regi\u00e3o central do pa\u00eds. A baixa umidade tamb\u00e9m facilita o surgimento de queimadas e ajuda para que as part\u00edculas de fuma\u00e7a pairem no ar.<\/p>\n<p>Segundo alerta do Instituto Nacional de Meteorologia, a umidade na capital do pa\u00eds deve cair abaixo de 20%, aumentando os riscos de inc\u00eandios florestais e de problemas \u00e0 sa\u00fade da popula\u00e7\u00e3o.<\/p>\n","protected":false},"excerpt":{"rendered":"<p>A capital do pa\u00eds tem amanhecido coberta por fuma\u00e7a proveniente de queimadas em outras regi\u00f5es do pa\u00eds. O mesmo fen\u00f4meno foi registrado em outras capitais do Centro-Oeste, como Goi\u00e2nia, e do Sudeste, como Belo Horizonte. De acordo com o Corpo de Bombeiros Militares do Distrito Federal (CBMDF), que analisou imagens de sat\u00e9lite, a densa fuma\u00e7a, [&hellip;]<\/p>\n","protected":false},"author":2,"featured_media":335275,"comment_status":"closed","ping_status":"closed","sticky":false,"template":"","format":"standard","meta":{"_acf_changed":false,"footnotes":""},"categories":[161],"tags":[],"class_list":["post-335274","post","type-post","status-publish","format-standard","has-post-thumbnail","hentry","category-quadradinho-em-foco"],"acf":[],"_links":{"self":[{"href":"https:\/\/www.notibras.com\/site\/wp-json\/wp\/v2\/posts\/335274","targetHints":{"allow":["GET"]}}],"collection":[{"href":"https:\/\/www.notibras.com\/site\/wp-json\/wp\/v2\/posts"}],"about":[{"href":"https:\/\/www.notibras.com\/site\/wp-json\/wp\/v2\/types\/post"}],"author":[{"embeddable":true,"href":"https:\/\/www.notibras.com\/site\/wp-json\/wp\/v2\/users\/2"}],"replies":[{"embeddable":true,"href":"https:\/\/www.notibras.com\/site\/wp-json\/wp\/v2\/comments?post=335274"}],"version-history":[{"count":1,"href":"https:\/\/www.notibras.com\/site\/wp-json\/wp\/v2\/posts\/335274\/revisions"}],"predecessor-version":[{"id":335276,"href":"https:\/\/www.notibras.com\/site\/wp-json\/wp\/v2\/posts\/335274\/revisions\/335276"}],"wp:featuredmedia":[{"embeddable":true,"href":"https:\/\/www.notibras.com\/site\/wp-json\/wp\/v2\/media\/335275"}],"wp:attachment":[{"href":"https:\/\/www.notibras.com\/site\/wp-json\/wp\/v2\/media?parent=335274"}],"wp:term":[{"taxonomy":"category","embeddable":true,"href":"https:\/\/www.notibras.com\/site\/wp-json\/wp\/v2\/categories?post=335274"},{"taxonomy":"post_tag","embeddable":true,"href":"https:\/\/www.notibras.com\/site\/wp-json\/wp\/v2\/tags?post=335274"}],"curies":[{"name":"wp","href":"https:\/\/api.w.org\/{rel}","templated":true}]}}