{"id":335280,"date":"2024-08-26T07:03:50","date_gmt":"2024-08-26T10:03:50","guid":{"rendered":"https:\/\/www.notibras.com\/site\/?p=335280"},"modified":"2024-08-26T09:20:51","modified_gmt":"2024-08-26T12:20:51","slug":"governo-decide-manter-aulas-nas-escolas-da-rede-publica","status":"publish","type":"post","link":"https:\/\/www.notibras.com\/site\/governo-decide-manter-aulas-nas-escolas-da-rede-publica\/","title":{"rendered":"Governo decide manter aulas nas escolas da rede p\u00fablica"},"content":{"rendered":"<p>A Secretaria de Educa\u00e7\u00e3o manter\u00e1 as aulas nas escolas p\u00fablicas durante esses dias em que o ar de Bras\u00edlia aparece com vest\u00edgios de fuma\u00e7a. A decis\u00e3o foi tomada ap\u00f3s conversa entre a secret\u00e1ria de Educa\u00e7\u00e3o, H\u00e9lvia Paranagu\u00e1, o subsecret\u00e1rio do Sistema de Defesa Civil, Evandro Tomaz de Aquino, e o comandante do Corpo de Bombeiros Militar do DF (CBMDF), coronel Sandro Santos da Silva \u2013 segundo o qual o n\u00edvel de alerta est\u00e1 na cor laranja, permitindo a continuidade das atividades escolares.<\/p>\n<p>A secret\u00e1ria lembra que a medida se baseia em dados t\u00e9cnicos e no acompanhamento cont\u00ednuo da situa\u00e7\u00e3o ambiental: \u201cNosso objetivo \u00e9 garantir que as escolas funcionem de maneira segura. Estamos atentos e preparados para agir rapidamente se a situa\u00e7\u00e3o se agravar. A recomenda\u00e7\u00e3o \u00e9 que as atividades continuem normalmente, mas com monitoramento constante. Se o alerta passar a ser vermelho, suspenderemos as aulas de imediato e comunicaremos \u00e0 popula\u00e7\u00e3o do Distrito Federal\u201d.<\/p>\n<p>A preocupa\u00e7\u00e3o com a fuma\u00e7a das queimadas n\u00e3o \u00e9 exclusiva do Distrito Federal. Diversos estados brasileiros est\u00e3o enfrentando problemas semelhantes, e em todos eles as aulas tamb\u00e9m est\u00e3o mantidas. A decis\u00e3o de seguir com as atividades presenciais \u00e9 baseada em an\u00e1lises locais das condi\u00e7\u00f5es atmosf\u00e9ricas, sempre priorizando a sa\u00fade dos alunos.<\/p>\n<p>Em situa\u00e7\u00f5es extremas, as escolas t\u00eam autonomia para adaptar suas rotinas. \u201cCada escola tem suas especificidades, e os gestores t\u00eam liberdade para tomar decis\u00f5es pontuais, sempre em di\u00e1logo com a Secretaria de Educa\u00e7\u00e3o\u201d, ressalta H\u00e9lvia Paranagu\u00e1.<\/p>\n<p>A Secretaria segue monitorando a situa\u00e7\u00e3o e permanece em comunica\u00e7\u00e3o constante com as escolas e autoridades competentes. A comunidade escolar ser\u00e1 informada imediatamente sobre qualquer altera\u00e7\u00e3o nas condi\u00e7\u00f5es que exija mudan\u00e7as no funcionamento das unidades. Enquanto isso, o foco continua sendo a seguran\u00e7a e o bem-estar de alunos e profissionais.<\/p>\n<p>Veja, abaixo, as principais recomenda\u00e7\u00f5es da secretaria para as escolas durante este per\u00edodo.<\/p>\n<p>\u21d2 Manter os bebedouros em boas condi\u00e7\u00f5es de funcionamento, com aten\u00e7\u00e3o \u00e0 higiene e \u00e0 qualidade da \u00e1gua oferecida<\/p>\n<p>\u21d2 Orientar os estudantes a trazerem sua garrafinha de \u00e1gua para a escola e a n\u00e3o compartilh\u00e1-la com colegas, evitando assim a propaga\u00e7\u00e3o de gripes e resfriados<\/p>\n<p>\u21d2 Incentivar o consumo regular de \u00e1gua pelos alunos durante o per\u00edodo escolar<\/p>\n<p>\u21d2 Evitar a realiza\u00e7\u00e3o de atividades f\u00edsicas ao ar livre entre as 10h e as 16h<\/p>\n<p>\u21d2 Assegurar que as salas de aula estejam sempre bem-ventiladas<\/p>\n<p>\u21d2 Refor\u00e7ar as medidas de higiene em todos os ambientes escolares, incluindo p\u00e1tios, sanit\u00e1rios e salas de aula.<\/p>\n","protected":false},"excerpt":{"rendered":"<p>A Secretaria de Educa\u00e7\u00e3o manter\u00e1 as aulas nas escolas p\u00fablicas durante esses dias em que o ar de Bras\u00edlia aparece com vest\u00edgios de fuma\u00e7a. A decis\u00e3o foi tomada ap\u00f3s conversa entre a secret\u00e1ria de Educa\u00e7\u00e3o, H\u00e9lvia Paranagu\u00e1, o subsecret\u00e1rio do Sistema de Defesa Civil, Evandro Tomaz de Aquino, e o comandante do Corpo de Bombeiros [&hellip;]<\/p>\n","protected":false},"author":2,"featured_media":335281,"comment_status":"closed","ping_status":"closed","sticky":false,"template":"","format":"standard","meta":{"_acf_changed":false,"footnotes":""},"categories":[161],"tags":[],"class_list":["post-335280","post","type-post","status-publish","format-standard","has-post-thumbnail","hentry","category-quadradinho-em-foco"],"acf":[],"_links":{"self":[{"href":"https:\/\/www.notibras.com\/site\/wp-json\/wp\/v2\/posts\/335280","targetHints":{"allow":["GET"]}}],"collection":[{"href":"https:\/\/www.notibras.com\/site\/wp-json\/wp\/v2\/posts"}],"about":[{"href":"https:\/\/www.notibras.com\/site\/wp-json\/wp\/v2\/types\/post"}],"author":[{"embeddable":true,"href":"https:\/\/www.notibras.com\/site\/wp-json\/wp\/v2\/users\/2"}],"replies":[{"embeddable":true,"href":"https:\/\/www.notibras.com\/site\/wp-json\/wp\/v2\/comments?post=335280"}],"version-history":[{"count":1,"href":"https:\/\/www.notibras.com\/site\/wp-json\/wp\/v2\/posts\/335280\/revisions"}],"predecessor-version":[{"id":335282,"href":"https:\/\/www.notibras.com\/site\/wp-json\/wp\/v2\/posts\/335280\/revisions\/335282"}],"wp:featuredmedia":[{"embeddable":true,"href":"https:\/\/www.notibras.com\/site\/wp-json\/wp\/v2\/media\/335281"}],"wp:attachment":[{"href":"https:\/\/www.notibras.com\/site\/wp-json\/wp\/v2\/media?parent=335280"}],"wp:term":[{"taxonomy":"category","embeddable":true,"href":"https:\/\/www.notibras.com\/site\/wp-json\/wp\/v2\/categories?post=335280"},{"taxonomy":"post_tag","embeddable":true,"href":"https:\/\/www.notibras.com\/site\/wp-json\/wp\/v2\/tags?post=335280"}],"curies":[{"name":"wp","href":"https:\/\/api.w.org\/{rel}","templated":true}]}}