{"id":335283,"date":"2024-08-26T00:25:24","date_gmt":"2024-08-26T03:25:24","guid":{"rendered":"https:\/\/www.notibras.com\/site\/?p=335283"},"modified":"2024-08-26T09:27:12","modified_gmt":"2024-08-26T12:27:12","slug":"aline-furtado-supera-medo-da-agua-e-conquista-vaga-paralimpica","status":"publish","type":"post","link":"https:\/\/www.notibras.com\/site\/aline-furtado-supera-medo-da-agua-e-conquista-vaga-paralimpica\/","title":{"rendered":"Aline Furtado supera medo da \u00e1gua e conquista vaga paral\u00edmpica"},"content":{"rendered":"<p>Quem v\u00ea Aline Furtado treinando com ferocidade e afinco no Lago Parano\u00e1, nem imagina que antes de se tornar uma atleta paral\u00edmpica ela quase rejeitou o esporte por medo de encarar bichos no lago, ou muito menos que seu primeiro contato com a canoagem se deu ap\u00f3s uma promessa de que ela iria ganhar um chocolate e uma Coca-Cola geladinha depois.<\/p>\n<p>A atleta de 41 anos \u00e9 uma entre os 16 da capital federal que estar\u00e3o representando o Brasil nos Jogos Paral\u00edmpicos de Paris de 2024. A delega\u00e7\u00e3o brasileira vai competir entre os dias 28 de agosto e 8 de setembro e \u00e9 a maior j\u00e1 anunciada para uma edi\u00e7\u00e3o dos Jogos fora do Brasil. Ao todo, o Comit\u00ea Paral\u00edmpico Brasileiro (CPB) convocou 254 atletas com defici\u00eancia \u2013 entre eles, 19 atletas-guia, tr\u00eas calheiros da bocha, dois goleiros do futebol de cegos e um timoneiro do remo, totalizando 279 competidores na capital francesa.<\/p>\n<p>Antes de conhecer a modalidade aqu\u00e1tica em 2021, a atleta de paracanoagem afirma nunca ter pensado em competir no esporte. Nas primeiras vezes que sentou em uma canoa canadense, Aline conta que s\u00f3 entrou na \u00e1gua para ganhar um chocolate e uma Coca-Cola. Mas bastou algumas vezes no lago para construir o amor pelo esporte. \u201cDisseram que eu tinha um perfil competitivo e incentivaram tanto que resolvi tentar. Eu falava que era a \u00faltima vez e que n\u00e3o ia mais voltar para a \u00e1gua, mas acabava sempre voltando\u201d, recorda.<\/p>\n<p>A atleta destaca que o Governo do Distrito Federal sempre esteve presente em sua trajet\u00f3ria. Foi com o apoio do programa Compete Bras\u00edlia que ela conseguiu competir na Hungria e garantir a classifica\u00e7\u00e3o para representar o Brasil nos Jogos Paral\u00edmpicos de Paris.<\/p>\n<p>Aline diz nunca ter imaginado participar de uma competi\u00e7\u00e3o desse n\u00edvel, mas que o esporte encaminhou a atleta para isso. Com a proximidade de sua primeira competi\u00e7\u00e3o nas Paralimp\u00edadas, ela chama a torcida brasileira para acompanh\u00e1-la nas provas. \u201cVai chegando mais perto e vai batendo uma ansiedade e um nervosismo, mas \u00e9 colocar na \u00e1gua tudo que a gente trabalhou para chegar at\u00e9 aqui. Chegou a hora de mostrar que todo mundo \u00e9 brasileiro, independente da categoria e modalidade. O trabalho \u00e9 duro e precisamos da torcida de voc\u00eas\u201d, declara.<\/p>\n<p><strong>Trajet\u00f3ria e obst\u00e1culos<\/strong><br \/>\nAos 18 anos de idade, Aline sofreu um acidente que provocou uma les\u00e3o medular. Em 2021, ela continuava no programa de reabilita\u00e7\u00e3o do Hospital Sarah Kubitschek, que foi onde perceberam o lado competitivo e o potencial da atleta, encaminhada a um treinador de esporte adaptado na \u00e1gua em Bras\u00edlia. \u201cFoi um choque grande me olhar e falar \u2018voc\u00ea \u00e9 diferente\u2019. Sempre tentei me colocar num padr\u00e3o de normalidade, mas o esporte te ensina a utilizar outras formas de funcionamento do corpo\u201d, observa.<\/p>\n<p>Com humor, Aline lembra que sempre olhava para o lago como um local de abastecimento para cidade e n\u00e3o um lugar para lazer e esportes. Ela tinha, inclusive, medo dos bichos que poderia encontrar na \u00e1gua. \u201cQuando me falaram da paracanoagem eu disse que n\u00e3o iria de jeito nenhum, porque no lago tinha jacar\u00e9 e outras coisas que escutei em hist\u00f3rias da inf\u00e2ncia\u201d, brinca.<\/p>\n<p>\u201cN\u00e3o queria, at\u00e9 que o amor pelo esporte foi constru\u00eddo. Ele tira o melhor da gente, traz igualdade, autonomia, autoconfian\u00e7a e autoconhecimento. Foi a\u00ed que eu me apaixonei pela paracanoagem. E foi uma aceita\u00e7\u00e3o tamb\u00e9m, porque eu n\u00e3o me enxergava como deficiente por ter uma defici\u00eancia n\u00e3o t\u00e3o percept\u00edvel. A partir do momento que entrei nesse universo, eu me vi e entendi que a inclus\u00e3o n\u00e3o acontece somente no discurso, vai muito al\u00e9m\u201d, acrescenta.<\/p>\n<p>Entre as dificuldades enfrentadas por Aline, est\u00e1 conciliar as duas profiss\u00f5es. Al\u00e9m de atleta profissional, ela tamb\u00e9m \u00e9 professora da Secretaria de Educa\u00e7\u00e3o. \u201cUnir esses dois universos \u00e9 uma dificuldade imensa, mas o GDF foi essencial na minha participa\u00e7\u00e3o nas paralimp\u00edadas. Al\u00e9m do Compete Bras\u00edlia ter possibilitado a participa\u00e7\u00e3o em competi\u00e7\u00f5es nacionais e internacionais, a Secretaria de Educa\u00e7\u00e3o me libera no per\u00edodo competitivo. Sempre h\u00e1 apoio nesse quesito\u201d, pontua.<\/p>\n<p><strong>Entre os melhores<\/strong><br \/>\nO presidente da Federa\u00e7\u00e3o Brasiliense de Canoagem e treinador da Sele\u00e7\u00e3o Brasileira de Paracanoagem, Paulo Salom\u00e3o, \u00e9 o respons\u00e1vel por treinar Aline e tamb\u00e9m vai acompanh\u00e1-la nas Paralimp\u00edadas de Paris. Ele lembra a determina\u00e7\u00e3o e o perfil competitivo que o levou a investir na atleta, que j\u00e1 treina com o barco do \u00faltimo mundial da Hungria, o mesmo que vai remar em Paris.<\/p>\n<p>\u201cEla conseguiu se classificar no mundial para Paris, deixamos as australianas para tr\u00e1s e ganhamos a Vale Continental. Mas h\u00e1 muita expectativa de evolu\u00e7\u00e3o at\u00e9 o dia da prova, uma fase final de prepara\u00e7\u00e3o que promete muita emo\u00e7\u00e3o. A Aline \u00e9 uma das melhores que a gente tem aqui. E temos uma equipe boa, porque a canoagem, por mais que seja um esporte individual dentro da competi\u00e7\u00e3o, \u00e9 um esporte coletivo na prepara\u00e7\u00e3o\u201d, explica o treinador.<\/p>\n<p>Salom\u00e3o frisa que, atualmente, Bras\u00edlia tem a maior equipe de paracanoagem da Am\u00e9rica Latina, al\u00e9m de ser tamb\u00e9m a maior do Brasil. \u00c9 tamb\u00e9m a s\u00e9tima maior delega\u00e7\u00e3o indo para os Jogos Paral\u00edmpicos de Paris.<\/p>\n<p>\u201cFica atr\u00e1s s\u00f3 de grandes centros como S\u00e3o Paulo e Rio de Janeiro, regi\u00f5es muito grandes onde h\u00e1 o centro paral\u00edmpico. Bras\u00edlia, se voc\u00ea for pensar em dimens\u00e3o e n\u00famero de popula\u00e7\u00e3o comparado aos outros estados, est\u00e1 bem \u00e0 frente do Brasil. S\u00e3o nove atletas e h\u00e1 importantes apoios que fazem o esporte paradesporto brasiliense muito forte. E a participa\u00e7\u00e3o do GDF \u00e9 fundamental, principalmente com programas como o Compete Bras\u00edlia, que possibilita irmos a eventos nacionais e internacionais j\u00e1 visando o ganho de experi\u00eancias. Estamos evoluindo esportivamente al\u00e9m da possibilidade do Bolsa Atleta nacional e internacional do governo federal, que tamb\u00e9m ajuda muito\u201d, detalha.<\/p>\n<p>O treinador ressalta ainda que, dentro do quadro atual do Comit\u00ea Paral\u00edmpico Brasileiro, a paracanoagem \u00e9 a terceira no n\u00famero de medalhas. \u201cA gente tem bem menos provas, fica atr\u00e1s de modalidades que t\u00eam muito mais categorias. Ent\u00e3o eles t\u00eam um n\u00famero de disputa maior por medalhas, mas ainda assim a gente est\u00e1 muito bem. Temos atletas que est\u00e3o entre os dez melhores do mundo, que conseguiram vagas ol\u00edmpicas para manter o n\u00edvel sempre alto. A gente sempre tem que buscar objetivos mais altos\u201d.<\/p>\n","protected":false},"excerpt":{"rendered":"<p>Quem v\u00ea Aline Furtado treinando com ferocidade e afinco no Lago Parano\u00e1, nem imagina que antes de se tornar uma atleta paral\u00edmpica ela quase rejeitou o esporte por medo de encarar bichos no lago, ou muito menos que seu primeiro contato com a canoagem se deu ap\u00f3s uma promessa de que ela iria ganhar um [&hellip;]<\/p>\n","protected":false},"author":2,"featured_media":335284,"comment_status":"closed","ping_status":"closed","sticky":false,"template":"","format":"standard","meta":{"_acf_changed":false,"footnotes":""},"categories":[161],"tags":[],"class_list":["post-335283","post","type-post","status-publish","format-standard","has-post-thumbnail","hentry","category-quadradinho-em-foco"],"acf":[],"_links":{"self":[{"href":"https:\/\/www.notibras.com\/site\/wp-json\/wp\/v2\/posts\/335283","targetHints":{"allow":["GET"]}}],"collection":[{"href":"https:\/\/www.notibras.com\/site\/wp-json\/wp\/v2\/posts"}],"about":[{"href":"https:\/\/www.notibras.com\/site\/wp-json\/wp\/v2\/types\/post"}],"author":[{"embeddable":true,"href":"https:\/\/www.notibras.com\/site\/wp-json\/wp\/v2\/users\/2"}],"replies":[{"embeddable":true,"href":"https:\/\/www.notibras.com\/site\/wp-json\/wp\/v2\/comments?post=335283"}],"version-history":[{"count":1,"href":"https:\/\/www.notibras.com\/site\/wp-json\/wp\/v2\/posts\/335283\/revisions"}],"predecessor-version":[{"id":335285,"href":"https:\/\/www.notibras.com\/site\/wp-json\/wp\/v2\/posts\/335283\/revisions\/335285"}],"wp:featuredmedia":[{"embeddable":true,"href":"https:\/\/www.notibras.com\/site\/wp-json\/wp\/v2\/media\/335284"}],"wp:attachment":[{"href":"https:\/\/www.notibras.com\/site\/wp-json\/wp\/v2\/media?parent=335283"}],"wp:term":[{"taxonomy":"category","embeddable":true,"href":"https:\/\/www.notibras.com\/site\/wp-json\/wp\/v2\/categories?post=335283"},{"taxonomy":"post_tag","embeddable":true,"href":"https:\/\/www.notibras.com\/site\/wp-json\/wp\/v2\/tags?post=335283"}],"curies":[{"name":"wp","href":"https:\/\/api.w.org\/{rel}","templated":true}]}}