{"id":335286,"date":"2024-08-26T00:00:30","date_gmt":"2024-08-26T03:00:30","guid":{"rendered":"https:\/\/www.notibras.com\/site\/?p=335286"},"modified":"2024-08-26T09:33:02","modified_gmt":"2024-08-26T12:33:02","slug":"estrada-rural-no-corrego-do-atoleiro-recebe-cobertura-de-asfalto","status":"publish","type":"post","link":"https:\/\/www.notibras.com\/site\/estrada-rural-no-corrego-do-atoleiro-recebe-cobertura-de-asfalto\/","title":{"rendered":"Estrada rural no C\u00f3rrego do Atoleiro recebe cobertura de asfalto"},"content":{"rendered":"<p>Poeira na \u00e9poca da seca e lama na \u00e9poca das chuvas. Assim era a rotina de quem passava pelo trecho de 1,3 km que liga a Escola Classe N\u00facleo Rural C\u00f3rrego do Atoleiro \u00e0 DF-345, em Planaltina. Com um investimento de R$ 2,5 milh\u00f5es na pavimenta\u00e7\u00e3o asf\u00e1ltica da via, uma nova realidade surge para cerca de 500 pessoas da comunidade, incluindo estudantes, servidores da unidade de ensino e motoristas que utilizam a estrada.<\/p>\n<p>A pavimenta\u00e7\u00e3o faz parte do programa Caminho das Escolas e \u00e9 executada pelo Departamento de Estradas de Rodagem (DER-DF). As equipes j\u00e1 realizaram a imprima\u00e7\u00e3o da via e atualmente trabalham na coloca\u00e7\u00e3o da massa asf\u00e1ltica. De acordo com o chefe do 1\u00ba Distrito Rodovi\u00e1rio do DER, K\u00eanio M\u00e1rcio Avelar, a obra foi iniciada h\u00e1 um m\u00eas e passou pelas etapas de estrutura do pavimento, drenagem, limpeza da camada vegetal e preparo da sub-base. Ap\u00f3s a coloca\u00e7\u00e3o da capa asf\u00e1ltica, as equipes far\u00e3o as sinaliza\u00e7\u00f5es horizontal e vertical, concluindo o trabalho.<\/p>\n<p>\u201cEssa \u00e9 uma demanda antiga da comunidade. Al\u00e9m da escola rural, que tem aproximadamente 200 alunos, h\u00e1 cerca de 140 ch\u00e1caras nas redondezas; assim, a pavimenta\u00e7\u00e3o desse trecho vai melhorar a qualidade de vida tanto dos alunos quanto dos moradores da regi\u00e3o e de qualquer um que passe por aqui\u201d, afirma Avelar.<\/p>\n<p>A Escola Classe N\u00facleo Rural C\u00f3rrego do Atoleiro existe h\u00e1 29 anos e atende cerca de 200 alunos, entre 4 e 10 anos, com educa\u00e7\u00e3o em tempo integral. Os estudantes s\u00e3o do n\u00facleo rural, bem como de Arapoanga, do Condom\u00ednio Marisol e do bairro Buritis IV. Cinco vezes ao dia, passam tr\u00eas \u00f4nibus escolares pelo trecho que interliga a DF-345.<\/p>\n<p>Segundo a vice-diretora da escola, Cristiane Almeida Barbosa, as dificuldades enfrentadas s\u00e3o, em boa parte, relacionadas \u00e0 poeira, que traz problemas respirat\u00f3rios para as crian\u00e7as, al\u00e9m da lama que atrapalha a locomo\u00e7\u00e3o dos profissionais que v\u00eam de outras cidades ou do centro de Planaltina para trabalhar na escola.<\/p>\n<p>\u201c\u00c0s vezes, os motoristas de aplicativo se negam a enfrentar o trecho de estrada de terra; essa obra sem d\u00favidas est\u00e1 trazendo uma facilidade muito grande para todos n\u00f3s. As expectativas s\u00e3o as melhores poss\u00edveis, estamos muito felizes e agradecidos. Para a comunidade, de modo em geral, os benef\u00edcios desse asfalto s\u00e3o imensos\u201d, ressalta a vice-diretora.<\/p>\n<p>A professora Priscila Silva, 34, tamb\u00e9m \u00e9 m\u00e3e de um aluno da Escola Classe N\u00facleo Rural C\u00f3rrego do Atoleiro e refor\u00e7a a melhora da qualidade de vida que a comunidade ter\u00e1 com o trecho asfaltado. \u201cA gente sofre muito com a poeira, as crian\u00e7as est\u00e3o sempre gripadinhas e com nariz entupido. Tem tamb\u00e9m a sujeira dos t\u00eanis porque, quando n\u00e3o \u00e9 poeira, \u00e9 lama na \u00e9poca da chuva. O asfalto vai facilitar bastante para eles chegarem \u00e0 escola limpinhos e com menos viroses. Vai ficar bem mais f\u00e1cil\u201d, declara.<\/p>\n","protected":false},"excerpt":{"rendered":"<p>Poeira na \u00e9poca da seca e lama na \u00e9poca das chuvas. Assim era a rotina de quem passava pelo trecho de 1,3 km que liga a Escola Classe N\u00facleo Rural C\u00f3rrego do Atoleiro \u00e0 DF-345, em Planaltina. Com um investimento de R$ 2,5 milh\u00f5es na pavimenta\u00e7\u00e3o asf\u00e1ltica da via, uma nova realidade surge para cerca [&hellip;]<\/p>\n","protected":false},"author":2,"featured_media":335287,"comment_status":"closed","ping_status":"closed","sticky":false,"template":"","format":"standard","meta":{"_acf_changed":false,"footnotes":""},"categories":[161],"tags":[],"class_list":["post-335286","post","type-post","status-publish","format-standard","has-post-thumbnail","hentry","category-quadradinho-em-foco"],"acf":[],"_links":{"self":[{"href":"https:\/\/www.notibras.com\/site\/wp-json\/wp\/v2\/posts\/335286","targetHints":{"allow":["GET"]}}],"collection":[{"href":"https:\/\/www.notibras.com\/site\/wp-json\/wp\/v2\/posts"}],"about":[{"href":"https:\/\/www.notibras.com\/site\/wp-json\/wp\/v2\/types\/post"}],"author":[{"embeddable":true,"href":"https:\/\/www.notibras.com\/site\/wp-json\/wp\/v2\/users\/2"}],"replies":[{"embeddable":true,"href":"https:\/\/www.notibras.com\/site\/wp-json\/wp\/v2\/comments?post=335286"}],"version-history":[{"count":1,"href":"https:\/\/www.notibras.com\/site\/wp-json\/wp\/v2\/posts\/335286\/revisions"}],"predecessor-version":[{"id":335288,"href":"https:\/\/www.notibras.com\/site\/wp-json\/wp\/v2\/posts\/335286\/revisions\/335288"}],"wp:featuredmedia":[{"embeddable":true,"href":"https:\/\/www.notibras.com\/site\/wp-json\/wp\/v2\/media\/335287"}],"wp:attachment":[{"href":"https:\/\/www.notibras.com\/site\/wp-json\/wp\/v2\/media?parent=335286"}],"wp:term":[{"taxonomy":"category","embeddable":true,"href":"https:\/\/www.notibras.com\/site\/wp-json\/wp\/v2\/categories?post=335286"},{"taxonomy":"post_tag","embeddable":true,"href":"https:\/\/www.notibras.com\/site\/wp-json\/wp\/v2\/tags?post=335286"}],"curies":[{"name":"wp","href":"https:\/\/api.w.org\/{rel}","templated":true}]}}