{"id":335298,"date":"2024-08-26T10:59:59","date_gmt":"2024-08-26T13:59:59","guid":{"rendered":"https:\/\/www.notibras.com\/site\/?p=335298"},"modified":"2024-08-26T11:07:22","modified_gmt":"2024-08-26T14:07:22","slug":"como-aprender-a-gastar-sabendo-economizar-e-poupar","status":"publish","type":"post","link":"https:\/\/www.notibras.com\/site\/como-aprender-a-gastar-sabendo-economizar-e-poupar\/","title":{"rendered":"Como aprender a gastar sabendo economizar e poupar?"},"content":{"rendered":"<p>\u00c9 com muita alegria que compartilho com voc\u00eas mais uma p\u00e1gina da minha vida que est\u00e1 sendoescrita. Recentemente tive a honra de ter sido convidada pela <em>@editorachavemestra<\/em> para ser coautora de um livro que ser\u00e1 lan\u00e7ado no maior evento liter\u00e1rio da Am\u00e9rica Latina.<\/p>\n<p>No livro <em>Finan\u00e7as e neg\u00f3cios \u2013 Acelere seu processo financeiro e empresarial<\/em>, compartilho uma jornada que vai muito al\u00e9m de n\u00fameros e planilhas. Voc\u00ea descobrir\u00e1 como iniciar a jornada do autoconhecimento financeiro por meio de reflex\u00f5es profundas e de uma pr\u00e1tica transformadora que ensino. N\u00e3o perca essa oportunidade \u00fanica.<\/p>\n<p>No dia 10 de setembro haver\u00e1 o lan\u00e7amento oficial para todo o Brasil. O evento ser\u00e1 na 27\u00aa Bienal Internacional do Livro, em S\u00e3o Paulo.<\/p>\n<p>Aproveite o pr\u00e9 lan\u00e7amento e garanta o seu exemplar nesse lote especial assinado por mim. Me chame no <a href=\"https:\/\/contate.me\/livrofinancasenegocios\">link https:\/\/contate.me\/livrofinancasenegocios<\/a> e comece a revolucionar as suas finan\u00e7as com autoconhecimento.<\/p>\n<p><strong>*Gabriela Oliveira \u00e9\u00a0 Educadora Financeira Especialista em Organiza\u00e7\u00e3o e Comportamento<\/strong><\/p>\n","protected":false},"excerpt":{"rendered":"<p>\u00c9 com muita alegria que compartilho com voc\u00eas mais uma p\u00e1gina da minha vida que est\u00e1 sendoescrita. Recentemente tive a honra de ter sido convidada pela @editorachavemestra para ser coautora de um livro que ser\u00e1 lan\u00e7ado no maior evento liter\u00e1rio da Am\u00e9rica Latina. No livro Finan\u00e7as e neg\u00f3cios \u2013 Acelere seu processo financeiro e empresarial, [&hellip;]<\/p>\n","protected":false},"author":2,"featured_media":335299,"comment_status":"closed","ping_status":"closed","sticky":false,"template":"","format":"standard","meta":{"_acf_changed":false,"footnotes":""},"categories":[161],"tags":[],"class_list":["post-335298","post","type-post","status-publish","format-standard","has-post-thumbnail","hentry","category-quadradinho-em-foco"],"acf":[],"_links":{"self":[{"href":"https:\/\/www.notibras.com\/site\/wp-json\/wp\/v2\/posts\/335298","targetHints":{"allow":["GET"]}}],"collection":[{"href":"https:\/\/www.notibras.com\/site\/wp-json\/wp\/v2\/posts"}],"about":[{"href":"https:\/\/www.notibras.com\/site\/wp-json\/wp\/v2\/types\/post"}],"author":[{"embeddable":true,"href":"https:\/\/www.notibras.com\/site\/wp-json\/wp\/v2\/users\/2"}],"replies":[{"embeddable":true,"href":"https:\/\/www.notibras.com\/site\/wp-json\/wp\/v2\/comments?post=335298"}],"version-history":[{"count":9,"href":"https:\/\/www.notibras.com\/site\/wp-json\/wp\/v2\/posts\/335298\/revisions"}],"predecessor-version":[{"id":335308,"href":"https:\/\/www.notibras.com\/site\/wp-json\/wp\/v2\/posts\/335298\/revisions\/335308"}],"wp:featuredmedia":[{"embeddable":true,"href":"https:\/\/www.notibras.com\/site\/wp-json\/wp\/v2\/media\/335299"}],"wp:attachment":[{"href":"https:\/\/www.notibras.com\/site\/wp-json\/wp\/v2\/media?parent=335298"}],"wp:term":[{"taxonomy":"category","embeddable":true,"href":"https:\/\/www.notibras.com\/site\/wp-json\/wp\/v2\/categories?post=335298"},{"taxonomy":"post_tag","embeddable":true,"href":"https:\/\/www.notibras.com\/site\/wp-json\/wp\/v2\/tags?post=335298"}],"curies":[{"name":"wp","href":"https:\/\/api.w.org\/{rel}","templated":true}]}}