{"id":335322,"date":"2024-08-27T07:49:55","date_gmt":"2024-08-27T10:49:55","guid":{"rendered":"https:\/\/www.notibras.com\/site\/?p=335322"},"modified":"2024-08-27T07:51:10","modified_gmt":"2024-08-27T10:51:10","slug":"valdinho-so-erra-quando-mistura-ovos-da-omelete","status":"publish","type":"post","link":"https:\/\/www.notibras.com\/site\/valdinho-so-erra-quando-mistura-ovos-da-omelete\/","title":{"rendered":"Valdinho s\u00f3 erra quando mistura ovos da omelete"},"content":{"rendered":"<p>Valdinho, filho do seu Valdo, era um menino atento, apesar de, n\u00e3o raro, tirar conclus\u00f5es n\u00e3o muito acertadas. Todavia, nada al\u00e9m do que acontece nessa fase da vida, t\u00e3o repleta de imagina\u00e7\u00e3o. O problema, dizem os mais s\u00e1bios, \u00e9 quando tais enganos permanecem no avan\u00e7ar dos anos, e percebemos adultos preferindo explica\u00e7\u00f5es divinas e desacreditam a ci\u00eancia.<\/p>\n<p>Na escola, o menino, depois de receber as primeiras aulas sobre as opera\u00e7\u00f5es matem\u00e1ticas, j\u00e1 arriscava at\u00e9 a fazer contas de cabe\u00e7a. Dona Jurema, a m\u00e3e, ficava toda orgulhosa do ca\u00e7ula. Tanto \u00e9 que a mulher n\u00e3o perdia oportunidade de se vangloriar com as amigas.<\/p>\n<p>\u2014 Valdinho, venha c\u00e1, meu filho!<\/p>\n<p>\u2014 Mam\u00e3e, a senhora chamou?<\/p>\n<p>\u2014 Chamei, sim. Mostre aqui pra Margarete como voc\u00ea \u00e9 bom na soma e na subtra\u00e7\u00e3o.<\/p>\n<p>Apesar de acanhado, o moleque n\u00e3o errava uma. Se perguntassem quanto era seis mais oito, logo sa\u00eda quatorze dos l\u00e1bios do Valdinho. Dezoito menos sete era prontamente respondido pelo g\u00eanio dos n\u00fameros.<\/p>\n<p>\u2014 Onze, mam\u00e3e!<\/p>\n<p>\u2014 Que rapazinho inteligente voc\u00ea tem, Jurema.<\/p>\n<p>\u2014 Obrigada, amiga.<\/p>\n<p>Jurema n\u00e3o se continha, tamanha a felicidade de expor as qualidades do rebento, at\u00e9 que ela ouviu a campainha tocar.<\/p>\n<p>\u2014 Atende pra mam\u00e3e, Valdinho.<\/p>\n<p>E l\u00e1 foi a crian\u00e7a abrir a porta. Era Alberto, marido da Margarete. N\u00e3o tardou, o homem se juntou \u00e0s duas mulheres. Margarete, talvez para agradar a amiga, fez quest\u00e3o de enaltecer o Einstein dos n\u00fameros.<\/p>\n<p>\u2014 Meu bem, voc\u00ea sabia que o Valdinho sabe fazer contas de cabe\u00e7a?<\/p>\n<p>\u2014 S\u00e9rio?<\/p>\n<p>\u2014 Pois n\u00e3o estou dizendo? Quer ver?<\/p>\n<p>\u2014 Fa\u00e7o quest\u00e3o!<\/p>\n<p>\u2014 Valdinho, quanto \u00e9 quinze mais doze?<\/p>\n<p>\u2014 Vinte e sete, dona Margarete.<\/p>\n<p>\u2014 Que mocinho inteligente a senhora tem, dona Jurema.<\/p>\n<p>\u2014 Obrigada!<\/p>\n<p>Nisso, Alberto foi at\u00e9 o guri e apertou a sua m\u00e3o.<\/p>\n<p>\u2014 Valdinho, meu rapaz, voc\u00ea \u00e9 um cr\u00e2nio! Verdadeira pujan\u00e7a!<\/p>\n<p>O menino, que desconhecia tal palavra, imaginou que o significado fosse outro. Tanto \u00e9 que, envergonhado, abaixou os olhos, colocou as m\u00e3os sobre a barriga e disse quase mudo.<\/p>\n<p>\u2014 Desculpe, seu Alberto, acho que foi por causa da omelete de cebola que comi no almo\u00e7o.<\/p>\n<p><strong>*Eduardo Mart\u00ednez \u00e9 autor do livro \u201c57 Contos e Cr\u00f4nicas por um Autor muito Velho\u201d.<\/strong><\/p>\n<p>Compre aqui\u00a0<span class=\"x19la9d6 x1fc57z9 x6ikm8r x10wlt62 x19co3pv x1g5zs5t xfibh0p xiy17q3 x1xsqp64 x1lkfr7t xexx8yu x4uap5 x18d9i69 xkhd6sd\"><span class=\"xrtxmta x1bhl96m\"><img decoding=\"async\" class=\"emoji\" role=\"img\" draggable=\"false\" src=\"https:\/\/s.w.org\/images\/core\/emoji\/14.0.0\/svg\/1f447-1f3ff.svg\" alt=\"&#x1f447;&#x1f3ff;\" \/><\/span><\/span><span class=\"x19la9d6 x1fc57z9 x6ikm8r x10wlt62 x19co3pv x1g5zs5t xfibh0p xiy17q3 x1xsqp64 x1lkfr7t xexx8yu x4uap5 x18d9i69 xkhd6sd\"><span class=\"xrtxmta x1bhl96m\"><img decoding=\"async\" class=\"emoji\" role=\"img\" draggable=\"false\" src=\"https:\/\/s.w.org\/images\/core\/emoji\/14.0.0\/svg\/1f447-1f3ff.svg\" alt=\"&#x1f447;&#x1f3ff;\" \/><\/span><\/span><span class=\"x19la9d6 x1fc57z9 x6ikm8r x10wlt62 x19co3pv x1g5zs5t xfibh0p xiy17q3 x1xsqp64 x1lkfr7t xexx8yu x4uap5 x18d9i69 xkhd6sd\"><span class=\"xrtxmta x1bhl96m\"><img decoding=\"async\" class=\"emoji\" role=\"img\" draggable=\"false\" src=\"https:\/\/s.w.org\/images\/core\/emoji\/14.0.0\/svg\/1f447-1f3ff.svg\" alt=\"&#x1f447;&#x1f3ff;\" \/><\/span><\/span><\/p>\n<p><a href=\"http:\/\/www.joanineditora.com.br\/57-contos-e-cronicas-por-um-autor-muito-velho\">http:\/\/www.joanineditora.com.br\/57-contos-e-cronicas-por-um-autor-muito-velho<\/a><\/p>\n","protected":false},"excerpt":{"rendered":"<p>Valdinho, filho do seu Valdo, era um menino atento, apesar de, n\u00e3o raro, tirar conclus\u00f5es n\u00e3o muito acertadas. Todavia, nada al\u00e9m do que acontece nessa fase da vida, t\u00e3o repleta de imagina\u00e7\u00e3o. O problema, dizem os mais s\u00e1bios, \u00e9 quando tais enganos permanecem no avan\u00e7ar dos anos, e percebemos adultos preferindo explica\u00e7\u00f5es divinas e desacreditam [&hellip;]<\/p>\n","protected":false},"author":2,"featured_media":335323,"comment_status":"closed","ping_status":"closed","sticky":false,"template":"","format":"standard","meta":{"_acf_changed":false,"footnotes":""},"categories":[161],"tags":[],"class_list":["post-335322","post","type-post","status-publish","format-standard","has-post-thumbnail","hentry","category-quadradinho-em-foco"],"acf":[],"_links":{"self":[{"href":"https:\/\/www.notibras.com\/site\/wp-json\/wp\/v2\/posts\/335322","targetHints":{"allow":["GET"]}}],"collection":[{"href":"https:\/\/www.notibras.com\/site\/wp-json\/wp\/v2\/posts"}],"about":[{"href":"https:\/\/www.notibras.com\/site\/wp-json\/wp\/v2\/types\/post"}],"author":[{"embeddable":true,"href":"https:\/\/www.notibras.com\/site\/wp-json\/wp\/v2\/users\/2"}],"replies":[{"embeddable":true,"href":"https:\/\/www.notibras.com\/site\/wp-json\/wp\/v2\/comments?post=335322"}],"version-history":[{"count":2,"href":"https:\/\/www.notibras.com\/site\/wp-json\/wp\/v2\/posts\/335322\/revisions"}],"predecessor-version":[{"id":335325,"href":"https:\/\/www.notibras.com\/site\/wp-json\/wp\/v2\/posts\/335322\/revisions\/335325"}],"wp:featuredmedia":[{"embeddable":true,"href":"https:\/\/www.notibras.com\/site\/wp-json\/wp\/v2\/media\/335323"}],"wp:attachment":[{"href":"https:\/\/www.notibras.com\/site\/wp-json\/wp\/v2\/media?parent=335322"}],"wp:term":[{"taxonomy":"category","embeddable":true,"href":"https:\/\/www.notibras.com\/site\/wp-json\/wp\/v2\/categories?post=335322"},{"taxonomy":"post_tag","embeddable":true,"href":"https:\/\/www.notibras.com\/site\/wp-json\/wp\/v2\/tags?post=335322"}],"curies":[{"name":"wp","href":"https:\/\/api.w.org\/{rel}","templated":true}]}}