{"id":335328,"date":"2024-08-27T07:07:29","date_gmt":"2024-08-27T10:07:29","guid":{"rendered":"https:\/\/www.notibras.com\/site\/?p=335328"},"modified":"2024-08-27T08:09:20","modified_gmt":"2024-08-27T11:09:20","slug":"eleitores-mais-jovens-aumentam-78-em-relacao-a-2020","status":"publish","type":"post","link":"https:\/\/www.notibras.com\/site\/eleitores-mais-jovens-aumentam-78-em-relacao-a-2020\/","title":{"rendered":"Eleitores mais jovens aumentam 78% em rela\u00e7\u00e3o a 2020"},"content":{"rendered":"<p>O n\u00famero de jovens de 16 e 17 anos que fizeram o cadastro eleitoral e est\u00e3o aptos a votar nas elei\u00e7\u00f5es municipais de outubro saltou 78% em compara\u00e7\u00e3o com o pleito municipal anterior, de 2020. Agora, h\u00e1 1.836.081 eleitores nessa faixa et\u00e1ria, segundo dados do Tribunal Superior Eleitoral (TSE).<\/p>\n<p>Nas elei\u00e7\u00f5es municipais de 2020, haviam se alistado 1.030.563 eleitores adolescentes, que n\u00e3o t\u00eam a obriga\u00e7\u00e3o de votar. No Brasil, o voto \u00e9 obrigat\u00f3rio somente entre os 18 e os 70 anos, conforme a Constitui\u00e7\u00e3o. O crescimento dessa faixa et\u00e1ria superou em muito o do eleitorado em geral, que subiu 5,4% de um pleito municipal a outro.<\/p>\n<p>Com isso, eles agora chegam a 1,17% de todo o eleitorado brasileiro, que soma mais de 155,9 milh\u00f5es de votantes. A faixa et\u00e1ria com maior eleitorado \u00e9 a de 45 a 59 anos, que soma 38.883.736 eleitores.<\/p>\n<p>Nas elei\u00e7\u00f5es gerais de 2022, os adolescentes haviam comparecido em n\u00famero ainda maior, com o alistamento 2,1 milh\u00f5es (51,13% acima de 2018). O TSE, contudo, evita fazer a compara\u00e7\u00e3o entre os dois tipos de elei\u00e7\u00e3o, pois h\u00e1 localidades que n\u00e3o participam das elei\u00e7\u00f5es municipais, como \u00e9 o caso de Bras\u00edlia, Fernando de Noronha e das se\u00e7\u00f5es eleitorais no exterior.<\/p>\n<p>J\u00e1 na outra ponta do eleitorado, 15,2 milh\u00f5es de eleitores acima dos 70 anos est\u00e3o aptos a votar neste ano, 9,76% do eleitorado total. O n\u00famero \u00e9 23% maior que em 2020, quando eram 12,3 milh\u00f5es. Somando-se aos jovens, totalizam 20,5 milh\u00f5es de brasileiras e brasileiros que podem escolher se votar\u00e3o nas elei\u00e7\u00f5es de 2024.<\/p>\n<p><strong>Perfil<\/strong><br \/>\nEm todas as faixas et\u00e1rias, as mulheres s\u00e3o maioria, refletindo o que j\u00e1 ocorre na pir\u00e2mide et\u00e1ria da popula\u00e7\u00e3o em geral. Geograficamente, elas s\u00e3o a maioria dos votantes em 3.432 munic\u00edpios, dos 5.569 que participam das elei\u00e7\u00f5es neste ano, ou seis em cada dez. A maior propor\u00e7\u00e3o \u00e9 em Macei\u00f3, onde elas s\u00e3o 55,3% dos eleitores. Uma curiosidade \u00e9 que em 11 cidades h\u00e1 exatamente o mesmo n\u00famero de homens e mulheres votantes.<\/p>\n<p>Neste ano, 28.769 pessoas n\u00e3o informaram o sexo. Ao mesmo tempo, quadruplicaram aquelas que adotaram o nome social no t\u00edtulo de eleitor, na compara\u00e7\u00e3o entre elei\u00e7\u00f5es municipais. Elas agora somam 41.537 pessoas, ante 9.985 em 2020.<\/p>\n<p>Tamb\u00e9m aumentou acima do ritmo do eleitorado em geral o n\u00famero de eleitores que declaram algum tipo de defici\u00eancia ou mobilidade reduzida, de 1.157.619 em 2020 para 1.451.846 neste ano, alta de 25%.<\/p>\n<p>Em rela\u00e7\u00e3o \u00e0 escolaridade, a maior parte do eleitorado tem o ensino m\u00e9dio completo (42,1 milh\u00f5es) ou o fundamenta completo (35 milh\u00f5es). Os que t\u00eam n\u00edvel superior completo s\u00e3o 16,7 milh\u00f5es, enquanto 5,5 milh\u00f5es se declararam analfabetos.<\/p>\n<p>Seguindo a divis\u00e3o geogr\u00e1fica da popula\u00e7\u00e3o, a maior parte dos eleitores mora no Sudeste (66,9 milh\u00f5es), seguido por Nordeste (43,3 milh\u00f5es), Sul (22,6 milh\u00f5es), Norte (12,9 milh\u00f5es) e Centro-Oeste (9,7 milh\u00f5es).<\/p>\n<p>Neste ano, o eleitorado brasileiro foi chamado a comparecer \u00e0s urnas em 6 de outubro, quando dever\u00e3o escolher prefeitos, vices e vereadores de suas cidades. Eventual segundo turno est\u00e1 marcado para 27 de outubro, mas somente em cidades com 200 mil habitantes ou mais, e na qual nenhum candidato tenha conseguido maioria absoluta dos votos.<\/p>\n","protected":false},"excerpt":{"rendered":"<p>O n\u00famero de jovens de 16 e 17 anos que fizeram o cadastro eleitoral e est\u00e3o aptos a votar nas elei\u00e7\u00f5es municipais de outubro saltou 78% em compara\u00e7\u00e3o com o pleito municipal anterior, de 2020. Agora, h\u00e1 1.836.081 eleitores nessa faixa et\u00e1ria, segundo dados do Tribunal Superior Eleitoral (TSE). Nas elei\u00e7\u00f5es municipais de 2020, haviam [&hellip;]<\/p>\n","protected":false},"author":2,"featured_media":335329,"comment_status":"closed","ping_status":"closed","sticky":false,"template":"","format":"standard","meta":{"_acf_changed":false,"footnotes":""},"categories":[165],"tags":[],"class_list":["post-335328","post","type-post","status-publish","format-standard","has-post-thumbnail","hentry","category-nordeste"],"acf":[],"_links":{"self":[{"href":"https:\/\/www.notibras.com\/site\/wp-json\/wp\/v2\/posts\/335328","targetHints":{"allow":["GET"]}}],"collection":[{"href":"https:\/\/www.notibras.com\/site\/wp-json\/wp\/v2\/posts"}],"about":[{"href":"https:\/\/www.notibras.com\/site\/wp-json\/wp\/v2\/types\/post"}],"author":[{"embeddable":true,"href":"https:\/\/www.notibras.com\/site\/wp-json\/wp\/v2\/users\/2"}],"replies":[{"embeddable":true,"href":"https:\/\/www.notibras.com\/site\/wp-json\/wp\/v2\/comments?post=335328"}],"version-history":[{"count":1,"href":"https:\/\/www.notibras.com\/site\/wp-json\/wp\/v2\/posts\/335328\/revisions"}],"predecessor-version":[{"id":335330,"href":"https:\/\/www.notibras.com\/site\/wp-json\/wp\/v2\/posts\/335328\/revisions\/335330"}],"wp:featuredmedia":[{"embeddable":true,"href":"https:\/\/www.notibras.com\/site\/wp-json\/wp\/v2\/media\/335329"}],"wp:attachment":[{"href":"https:\/\/www.notibras.com\/site\/wp-json\/wp\/v2\/media?parent=335328"}],"wp:term":[{"taxonomy":"category","embeddable":true,"href":"https:\/\/www.notibras.com\/site\/wp-json\/wp\/v2\/categories?post=335328"},{"taxonomy":"post_tag","embeddable":true,"href":"https:\/\/www.notibras.com\/site\/wp-json\/wp\/v2\/tags?post=335328"}],"curies":[{"name":"wp","href":"https:\/\/api.w.org\/{rel}","templated":true}]}}