{"id":335333,"date":"2024-08-27T07:00:01","date_gmt":"2024-08-27T10:00:01","guid":{"rendered":"https:\/\/www.notibras.com\/site\/?p=335333"},"modified":"2024-08-27T08:49:20","modified_gmt":"2024-08-27T11:49:20","slug":"candidaturas-de-mulheres-e-negros-receberao-recursos-ate-8-de-setembro","status":"publish","type":"post","link":"https:\/\/www.notibras.com\/site\/candidaturas-de-mulheres-e-negros-receberao-recursos-ate-8-de-setembro\/","title":{"rendered":"Candidaturas de mulheres e negros receber\u00e3o recursos at\u00e9 8 de setembro"},"content":{"rendered":"<p>As candidaturas femininas e de pessoas negras \u00e0s elei\u00e7\u00f5es municipais de outubro v\u00e3o receber recursos de campanha at\u00e9 o dia 8 de setembro, menos de m\u00eas antes do primeiro turno do pleito.<\/p>\n<p>A data foi acordada durante reuni\u00e3o entre representantes de partidos que v\u00e3o disputar as elei\u00e7\u00f5es e a presidente do Tribunal Superior Eleitoral (TSE), ministra C\u00e1rmen L\u00facia. Os partidos pediram ao TSE mais tempo para distribuir as verbas.<\/p>\n<p>De acordo com o calend\u00e1rio eleitoral, os partidos t\u00eam at\u00e9 sexta-feira (30) para efetuarem a distribui\u00e7\u00e3o dos recursos do Fundo Especial de Financiamento de Campanha e do Fundo Partid\u00e1rio para as candidaturas femininas e de pessoas negras.<\/p>\n<p>Para as legendas, o prazo diz respeito \u00e0 libera\u00e7\u00e3o dos recursos nas contas nacionais dos partidos. Ap\u00f3s a libera\u00e7\u00e3o, os valores ser\u00e3o distribu\u00eddos aos candidatos.<\/p>\n<p>Segundo a presidente do PT, Gleisi Hoffmann, os recursos do fundo foram recebidos na semana passada e h\u00e1 dificuldade para fazer o levantamento de todos os candidatos que ter\u00e3o direito aos repasses. O partido tem 36% de candidaturas femininas e deve aplicar cerca de 30% dos recursos em candidaturas negras.<\/p>\n<p>&#8220;O PT tem 26 mil candidatos a vereadores e vereadoras, mais 1.380 candidaturas a prefeituras. N\u00f3s temos que levantar todo mundo do sexo feminino, todo mundo que \u00e9 preto e pardo, separar mulheres brancas e mulheres negras para efeito da cota. Ent\u00e3o, n\u00e3o se faz isso com rapidez. Muitos candidatos ainda n\u00e3o abriram suas contas, est\u00e3o em processo de abertura.&#8221;<\/p>\n<p>Al\u00e9m da presidente do PT, tamb\u00e9m participaram da reuni\u00e3o representantes do PL, MDB, PSOL, PSD e PSB.<\/p>\n<p>Em outubro, as elei\u00e7\u00f5es ter\u00e3o 240.587 candidatos negros, o que representa 52,7% das candidaturas. \u00c9 a segunda vez na hist\u00f3ria que o n\u00famero de candidatos negros supera o de brancos, que este ano s\u00e3o 215.763.<\/p>\n<p>O primeiro turno das elei\u00e7\u00f5es ser\u00e1 no dia 6 de outubro. O segundo est\u00e1 marcado para 27 de outubro apenas nos munic\u00edpios com mais de 200 mil eleitores, e nos quais nenhum dos candidatos \u00e0 prefeitura tenha atingido mais da metade dos votos v\u00e1lidos (exclu\u00eddos os brancos e nulos) no primeiro turno.<\/p>\n","protected":false},"excerpt":{"rendered":"<p>As candidaturas femininas e de pessoas negras \u00e0s elei\u00e7\u00f5es municipais de outubro v\u00e3o receber recursos de campanha at\u00e9 o dia 8 de setembro, menos de m\u00eas antes do primeiro turno do pleito. A data foi acordada durante reuni\u00e3o entre representantes de partidos que v\u00e3o disputar as elei\u00e7\u00f5es e a presidente do Tribunal Superior Eleitoral (TSE), [&hellip;]<\/p>\n","protected":false},"author":2,"featured_media":335334,"comment_status":"closed","ping_status":"closed","sticky":false,"template":"","format":"standard","meta":{"_acf_changed":false,"footnotes":""},"categories":[165],"tags":[],"class_list":["post-335333","post","type-post","status-publish","format-standard","has-post-thumbnail","hentry","category-nordeste"],"acf":[],"_links":{"self":[{"href":"https:\/\/www.notibras.com\/site\/wp-json\/wp\/v2\/posts\/335333","targetHints":{"allow":["GET"]}}],"collection":[{"href":"https:\/\/www.notibras.com\/site\/wp-json\/wp\/v2\/posts"}],"about":[{"href":"https:\/\/www.notibras.com\/site\/wp-json\/wp\/v2\/types\/post"}],"author":[{"embeddable":true,"href":"https:\/\/www.notibras.com\/site\/wp-json\/wp\/v2\/users\/2"}],"replies":[{"embeddable":true,"href":"https:\/\/www.notibras.com\/site\/wp-json\/wp\/v2\/comments?post=335333"}],"version-history":[{"count":1,"href":"https:\/\/www.notibras.com\/site\/wp-json\/wp\/v2\/posts\/335333\/revisions"}],"predecessor-version":[{"id":335335,"href":"https:\/\/www.notibras.com\/site\/wp-json\/wp\/v2\/posts\/335333\/revisions\/335335"}],"wp:featuredmedia":[{"embeddable":true,"href":"https:\/\/www.notibras.com\/site\/wp-json\/wp\/v2\/media\/335334"}],"wp:attachment":[{"href":"https:\/\/www.notibras.com\/site\/wp-json\/wp\/v2\/media?parent=335333"}],"wp:term":[{"taxonomy":"category","embeddable":true,"href":"https:\/\/www.notibras.com\/site\/wp-json\/wp\/v2\/categories?post=335333"},{"taxonomy":"post_tag","embeddable":true,"href":"https:\/\/www.notibras.com\/site\/wp-json\/wp\/v2\/tags?post=335333"}],"curies":[{"name":"wp","href":"https:\/\/api.w.org\/{rel}","templated":true}]}}