{"id":335336,"date":"2024-08-27T00:01:53","date_gmt":"2024-08-27T03:01:53","guid":{"rendered":"https:\/\/www.notibras.com\/site\/?p=335336"},"modified":"2024-08-27T09:03:20","modified_gmt":"2024-08-27T12:03:20","slug":"brasilia-perde-carlos-elias-pioneiro-do-samba-na-capital","status":"publish","type":"post","link":"https:\/\/www.notibras.com\/site\/brasilia-perde-carlos-elias-pioneiro-do-samba-na-capital\/","title":{"rendered":"Bras\u00edlia perde Carlos Elias, pioneiro do samba na capital"},"content":{"rendered":"<p>A cultura brasiliense est\u00e1 de luto. Morreu o cantor, compositor e agitador cultural Carlos Elias, reconhecido e muito querido na cidade por incentivar a m\u00fasica brasileira, em especial, o samba em projetos desde a d\u00e9cada de 1970 como o Clube do Samba e a Feira da M\u00fasica, al\u00e9m do bar Camisa Listada, que realizava shows ao vivo.<\/p>\n<p>Carlos Elias chegou na cidade em 1975, transferido do Rio de Janeiro pelo Minist\u00e9rio das Rela\u00e7\u00f5es Exteriores, j\u00e1 reverenciado como compositor da escola de samba Portela. Em 1962, ele comp\u00f4s o samba enredo da agremia\u00e7\u00e3o Rugendas \u2013 Viagens pitorescas atrav\u00e9s do Brasil, em parceria com Z\u00e9 Keti, N\u00edlton Batatinha e Marcos Balbino. Naquele ano, a Portela venceu seu 16\u00b0 carnaval.<\/p>\n<p>\u201cNaquele tempo, o samba tinha que ser bom mesmo\u201d, assinala o cantor e compositor Breno Alves da atual gera\u00e7\u00e3o de m\u00fasicos de Bras\u00edlia.<\/p>\n<p>&#8220;[Ele] era um artista incr\u00edvel. Uma pessoa muito generosa, que defendeu a bandeira do samba com muita for\u00e7a e muita honra, muita garra\u201d, conta Breno.<\/p>\n<p>A cantora Teresa Lopes, artista requisitada na cidade, tamb\u00e9m lamentou a perda do \u201cprofessor\u201d e \u201ccompositor primoroso\u201d:<\/p>\n<p>&#8220;[Carlos Elias} era um cara importante como impulsionador da cultura de Bras\u00edlia. Ele era puro amor e pura luz.\u201d<\/p>\n<p>Carlos Elias morreu aos 91 anos, em decorr\u00eancia de uma pneumonia. A Faculdade de Comunica\u00e7\u00e3o da Universidade de Bras\u00edlia (UnB) fez um filme sobre o sambista. O document\u00e1rio est\u00e1 dispon\u00edvel no perfil do diretor Leandro Borges da Silveira, no YouTube.<\/p>\n","protected":false},"excerpt":{"rendered":"<p>A cultura brasiliense est\u00e1 de luto. Morreu o cantor, compositor e agitador cultural Carlos Elias, reconhecido e muito querido na cidade por incentivar a m\u00fasica brasileira, em especial, o samba em projetos desde a d\u00e9cada de 1970 como o Clube do Samba e a Feira da M\u00fasica, al\u00e9m do bar Camisa Listada, que realizava shows [&hellip;]<\/p>\n","protected":false},"author":2,"featured_media":335337,"comment_status":"closed","ping_status":"closed","sticky":false,"template":"","format":"standard","meta":{"_acf_changed":false,"footnotes":""},"categories":[161],"tags":[],"class_list":["post-335336","post","type-post","status-publish","format-standard","has-post-thumbnail","hentry","category-quadradinho-em-foco"],"acf":[],"_links":{"self":[{"href":"https:\/\/www.notibras.com\/site\/wp-json\/wp\/v2\/posts\/335336","targetHints":{"allow":["GET"]}}],"collection":[{"href":"https:\/\/www.notibras.com\/site\/wp-json\/wp\/v2\/posts"}],"about":[{"href":"https:\/\/www.notibras.com\/site\/wp-json\/wp\/v2\/types\/post"}],"author":[{"embeddable":true,"href":"https:\/\/www.notibras.com\/site\/wp-json\/wp\/v2\/users\/2"}],"replies":[{"embeddable":true,"href":"https:\/\/www.notibras.com\/site\/wp-json\/wp\/v2\/comments?post=335336"}],"version-history":[{"count":1,"href":"https:\/\/www.notibras.com\/site\/wp-json\/wp\/v2\/posts\/335336\/revisions"}],"predecessor-version":[{"id":335338,"href":"https:\/\/www.notibras.com\/site\/wp-json\/wp\/v2\/posts\/335336\/revisions\/335338"}],"wp:featuredmedia":[{"embeddable":true,"href":"https:\/\/www.notibras.com\/site\/wp-json\/wp\/v2\/media\/335337"}],"wp:attachment":[{"href":"https:\/\/www.notibras.com\/site\/wp-json\/wp\/v2\/media?parent=335336"}],"wp:term":[{"taxonomy":"category","embeddable":true,"href":"https:\/\/www.notibras.com\/site\/wp-json\/wp\/v2\/categories?post=335336"},{"taxonomy":"post_tag","embeddable":true,"href":"https:\/\/www.notibras.com\/site\/wp-json\/wp\/v2\/tags?post=335336"}],"curies":[{"name":"wp","href":"https:\/\/api.w.org\/{rel}","templated":true}]}}