{"id":335339,"date":"2024-08-27T00:06:58","date_gmt":"2024-08-27T03:06:58","guid":{"rendered":"https:\/\/www.notibras.com\/site\/?p=335339"},"modified":"2024-08-27T09:09:06","modified_gmt":"2024-08-27T12:09:06","slug":"saude-pede-que-populacao-evite-exposicao-a-fumaca-e-atividades-fisicas","status":"publish","type":"post","link":"https:\/\/www.notibras.com\/site\/saude-pede-que-populacao-evite-exposicao-a-fumaca-e-atividades-fisicas\/","title":{"rendered":"Sa\u00fade pede que popula\u00e7\u00e3o evite exposi\u00e7\u00e3o \u00e0 fuma\u00e7a e atividades f\u00edsicas"},"content":{"rendered":"<p>Em meio ao forte nevoeiro proveniente da fuma\u00e7a de inc\u00eandios registrados no Norte e no Sudeste do pa\u00eds, o Minist\u00e9rio da Sa\u00fade orientou que a popula\u00e7\u00e3o evite, ao m\u00e1ximo, a exposi\u00e7\u00e3o ao ar livre e a pr\u00e1tica de atividades f\u00edsicas.<\/p>\n<p>A diretora do Departamento de Vigil\u00e2ncia em Sa\u00fade Ambiental e Sa\u00fade do Trabalhador, Agnes Soares, alertou que o risco \u00e9 maior para crian\u00e7as e idosos, al\u00e9m de pessoas com doen\u00e7as pr\u00e9vias, como hipertensos e diab\u00e9ticos. Outro grupo que deve se manter vigilante \u00e9 o de pessoas com alergias e problemas respirat\u00f3rios, como asma e bronquite cr\u00f4nica.<\/p>\n<p>Segundo Agnes, essas popula\u00e7\u00f5es reagem de forma mais r\u00e1pida e intensa \u00e0 contamina\u00e7\u00e3o por fuma\u00e7a. Durante coletiva de imprensa nesta segunda-feira (26), ela destacou que, caso haja extrema necessidade de circular em ambientes abertos, que as pessoas utilizem alguma forma de prote\u00e7\u00e3o, como m\u00e1scaras e bandanas de tecido.<\/p>\n<p>Os poss\u00edveis sintomas da exposi\u00e7\u00e3o \u00e0 fuma\u00e7a, de acordo com a secret\u00e1ria, incluem ard\u00eancia nos olhos, irrita\u00e7\u00e3o na garganta e sensa\u00e7\u00e3o de fechamento da laringe, al\u00e9m de manifesta\u00e7\u00f5es mais s\u00e9rias e que podem sinalizar que o pulm\u00e3o foi afetado, como o chiado caracter\u00edstico da bronquite. Pessoas mais sens\u00edveis podem fazer uso de m\u00e1scaras que permitem a filtra\u00e7\u00e3o de part\u00edculas finas do ar.<\/p>\n<p><strong>Alerta<\/strong><br \/>\nSegundo Agnes, a maioria dos epis\u00f3dios em sa\u00fade associados \u00e0 exposi\u00e7\u00e3o \u00e0 fuma\u00e7a envolvem doen\u00e7as e queixas respirat\u00f3rias. Entretanto, pessoas com problemas card\u00edacos e hipertens\u00e3o, por exemplo, apresentam risco aumentado de infarto e acidente vascular cerebral (AVC) nos dias que se seguem ap\u00f3s o in\u00edcio dos inc\u00eandios.<\/p>\n<p>\u201cSe o epis\u00f3dio [de dispers\u00e3o da fuma\u00e7a] dura de tr\u00eas a quatro dias, pode ser mais s\u00e9rio para a popula\u00e7\u00e3o\u201d, alertou.<\/p>\n<p><strong>Aulas<\/strong><br \/>\nQuestionada sobre a manuten\u00e7\u00e3o das aulas em regi\u00f5es atingidas pela fuma\u00e7a, a secret\u00e1ria destacou que n\u00e3o h\u00e1 um marco legal sobre o tema. A recomenda\u00e7\u00e3o \u00e9 que os munic\u00edpios, ao tomarem suas decis\u00f5es, levem em considera\u00e7\u00e3o o risco aumentado para doen\u00e7as respirat\u00f3rias, sobretudo em meio a epis\u00f3dios prolongados.<\/p>\n<p>Agnes lembrou que cen\u00e1rios de umidade relativa do ar muito baixa, por si s\u00f3, j\u00e1 prejudicam o desempenho dos estudantes e causam desconforto geral. O recomend\u00e1vel, segundo ela, \u00e9 avaliar caso a caso, determinando desde a redu\u00e7\u00e3o de atividades f\u00edsicas at\u00e9 o fechamento das escolas.<\/p>\n<p><strong>Cuidados<\/strong><br \/>\nDe acordo com a secret\u00e1ria, n\u00e3o h\u00e1 monitoramento em tempo real de casos de doen\u00e7as respirat\u00f3rias e outros quadros advindos da exposi\u00e7\u00e3o \u00e0 fuma\u00e7a registrados em unidades de pronto atendimento (UPAs) e servi\u00e7os de emerg\u00eancia. Mas j\u00e1 h\u00e1, segundo ela, relatos de aumento desse tipo de atendimento \u2013 sobretudo nas alas de pediatria.<\/p>\n<p>Os cuidados com crian\u00e7as incluem evitar ao m\u00e1ximo a exposi\u00e7\u00e3o prolongada \u00e0 fuma\u00e7a e, sempre que poss\u00edvel, garantir o estoque de medica\u00e7\u00f5es controladas, al\u00e9m de promover hidrata\u00e7\u00e3o abundante, de forma a garantir que as mucosas se mantenham \u00famidas.<\/p>\n<p>\u201cN\u00e3o \u00e9 hora de brincar, de andar de bicicleta, de pular corda. Para os idosos, a mesma quest\u00e3o: n\u00e3o \u00e9 o momento de sair pra fazer atividades que n\u00e3o sejam estritamente necess\u00e1rias. Se precisar sair, use prote\u00e7\u00e3o, como m\u00e1scaras e bandanas, para reduzir o contato com part\u00edculas nas vias respirat\u00f3rias.\u201d<\/p>\n","protected":false},"excerpt":{"rendered":"<p>Em meio ao forte nevoeiro proveniente da fuma\u00e7a de inc\u00eandios registrados no Norte e no Sudeste do pa\u00eds, o Minist\u00e9rio da Sa\u00fade orientou que a popula\u00e7\u00e3o evite, ao m\u00e1ximo, a exposi\u00e7\u00e3o ao ar livre e a pr\u00e1tica de atividades f\u00edsicas. A diretora do Departamento de Vigil\u00e2ncia em Sa\u00fade Ambiental e Sa\u00fade do Trabalhador, Agnes Soares, [&hellip;]<\/p>\n","protected":false},"author":2,"featured_media":335340,"comment_status":"closed","ping_status":"closed","sticky":false,"template":"","format":"standard","meta":{"_acf_changed":false,"footnotes":""},"categories":[161],"tags":[],"class_list":["post-335339","post","type-post","status-publish","format-standard","has-post-thumbnail","hentry","category-quadradinho-em-foco"],"acf":[],"_links":{"self":[{"href":"https:\/\/www.notibras.com\/site\/wp-json\/wp\/v2\/posts\/335339","targetHints":{"allow":["GET"]}}],"collection":[{"href":"https:\/\/www.notibras.com\/site\/wp-json\/wp\/v2\/posts"}],"about":[{"href":"https:\/\/www.notibras.com\/site\/wp-json\/wp\/v2\/types\/post"}],"author":[{"embeddable":true,"href":"https:\/\/www.notibras.com\/site\/wp-json\/wp\/v2\/users\/2"}],"replies":[{"embeddable":true,"href":"https:\/\/www.notibras.com\/site\/wp-json\/wp\/v2\/comments?post=335339"}],"version-history":[{"count":1,"href":"https:\/\/www.notibras.com\/site\/wp-json\/wp\/v2\/posts\/335339\/revisions"}],"predecessor-version":[{"id":335341,"href":"https:\/\/www.notibras.com\/site\/wp-json\/wp\/v2\/posts\/335339\/revisions\/335341"}],"wp:featuredmedia":[{"embeddable":true,"href":"https:\/\/www.notibras.com\/site\/wp-json\/wp\/v2\/media\/335340"}],"wp:attachment":[{"href":"https:\/\/www.notibras.com\/site\/wp-json\/wp\/v2\/media?parent=335339"}],"wp:term":[{"taxonomy":"category","embeddable":true,"href":"https:\/\/www.notibras.com\/site\/wp-json\/wp\/v2\/categories?post=335339"},{"taxonomy":"post_tag","embeddable":true,"href":"https:\/\/www.notibras.com\/site\/wp-json\/wp\/v2\/tags?post=335339"}],"curies":[{"name":"wp","href":"https:\/\/api.w.org\/{rel}","templated":true}]}}