{"id":335358,"date":"2024-08-27T00:00:05","date_gmt":"2024-08-27T03:00:05","guid":{"rendered":"https:\/\/www.notibras.com\/site\/?p=335358"},"modified":"2024-08-27T10:04:10","modified_gmt":"2024-08-27T13:04:10","slug":"caminhada-ecologica-alerta-para-necessidade-de-prevenir-dengue","status":"publish","type":"post","link":"https:\/\/www.notibras.com\/site\/caminhada-ecologica-alerta-para-necessidade-de-prevenir-dengue\/","title":{"rendered":"Caminhada ecol\u00f3gica alerta para necessidade de prevenir dengue"},"content":{"rendered":"<p>A comunidade da Vila Planalto est\u00e1 ativa contra as doen\u00e7as Uma prova disso foi a caminhada ecol\u00f3gica promovida pela campanha Vila sem lixo, Vila sem dengue no fim de semana. A iniciativa recolheu o lixo descartado de forma incorreta pela cidade e conscientizou a popula\u00e7\u00e3o para o combate ao mosquito Aedes aegypti, transmissor da dengue, chikungunya e zika.<\/p>\n<p>A a\u00e7\u00e3o continua esta semana. At\u00e9 quarta-feira (28), o Servi\u00e7o de Limpeza Urbana far\u00e1 um mutir\u00e3o de limpeza na Vila Planalto. Materiais como eletrodom\u00e9sticos, latas, garrafas, vasos, pneus e outros produtos inserv\u00edveis ser\u00e3o recolhidos. Res\u00edduos decorrentes de poda de \u00e1rvores e resto de obras n\u00e3o ser\u00e3o coletados.<\/p>\n<p>A gerente da Unidade B\u00e1sica de Sa\u00fade (UBS) da Vila Planalto, Evelyn Heinzen, explica que a iniciativa surgiu depois do grande n\u00famero de casos de dengue na regi\u00e3o entre o final do ano passado e o in\u00edcio deste ano. \u201cA Vila Planalto foi a \u00e1rea da Regi\u00e3o Central de Bras\u00edlia com maior n\u00famero de casos de dengue notificados. Pensamos nessa iniciativa, antes do in\u00edcio das chuvas, para reduzir o lixo descartado pelas ruas\u201d, informa.<\/p>\n<p>A iniciativa recolheu o lixo descartado de forma incorreta e conscientizou a popula\u00e7\u00e3o para o combate ao mosquito Aedes aegypti<\/p>\n<p>Dados da Sala de Situa\u00e7\u00e3o de Dengue, do portal InfoSa\u00fade, mostram que a Vila Planalto registrou 878 casos prov\u00e1veis de dengue este ano, atendidos pela UBS 3 da Asa Norte, localizada na regi\u00e3o.<\/p>\n","protected":false},"excerpt":{"rendered":"<p>A comunidade da Vila Planalto est\u00e1 ativa contra as doen\u00e7as Uma prova disso foi a caminhada ecol\u00f3gica promovida pela campanha Vila sem lixo, Vila sem dengue no fim de semana. A iniciativa recolheu o lixo descartado de forma incorreta pela cidade e conscientizou a popula\u00e7\u00e3o para o combate ao mosquito Aedes aegypti, transmissor da dengue, [&hellip;]<\/p>\n","protected":false},"author":2,"featured_media":335359,"comment_status":"closed","ping_status":"closed","sticky":false,"template":"","format":"standard","meta":{"_acf_changed":false,"footnotes":""},"categories":[161],"tags":[],"class_list":["post-335358","post","type-post","status-publish","format-standard","has-post-thumbnail","hentry","category-quadradinho-em-foco"],"acf":[],"_links":{"self":[{"href":"https:\/\/www.notibras.com\/site\/wp-json\/wp\/v2\/posts\/335358","targetHints":{"allow":["GET"]}}],"collection":[{"href":"https:\/\/www.notibras.com\/site\/wp-json\/wp\/v2\/posts"}],"about":[{"href":"https:\/\/www.notibras.com\/site\/wp-json\/wp\/v2\/types\/post"}],"author":[{"embeddable":true,"href":"https:\/\/www.notibras.com\/site\/wp-json\/wp\/v2\/users\/2"}],"replies":[{"embeddable":true,"href":"https:\/\/www.notibras.com\/site\/wp-json\/wp\/v2\/comments?post=335358"}],"version-history":[{"count":1,"href":"https:\/\/www.notibras.com\/site\/wp-json\/wp\/v2\/posts\/335358\/revisions"}],"predecessor-version":[{"id":335360,"href":"https:\/\/www.notibras.com\/site\/wp-json\/wp\/v2\/posts\/335358\/revisions\/335360"}],"wp:featuredmedia":[{"embeddable":true,"href":"https:\/\/www.notibras.com\/site\/wp-json\/wp\/v2\/media\/335359"}],"wp:attachment":[{"href":"https:\/\/www.notibras.com\/site\/wp-json\/wp\/v2\/media?parent=335358"}],"wp:term":[{"taxonomy":"category","embeddable":true,"href":"https:\/\/www.notibras.com\/site\/wp-json\/wp\/v2\/categories?post=335358"},{"taxonomy":"post_tag","embeddable":true,"href":"https:\/\/www.notibras.com\/site\/wp-json\/wp\/v2\/tags?post=335358"}],"curies":[{"name":"wp","href":"https:\/\/api.w.org\/{rel}","templated":true}]}}