{"id":335361,"date":"2024-08-27T00:08:03","date_gmt":"2024-08-27T03:08:03","guid":{"rendered":"https:\/\/www.notibras.com\/site\/?p=335361"},"modified":"2024-08-27T10:09:51","modified_gmt":"2024-08-27T13:09:51","slug":"zoologico-abre-inscricoes-para-visitas-noturnas-em-setembro","status":"publish","type":"post","link":"https:\/\/www.notibras.com\/site\/zoologico-abre-inscricoes-para-visitas-noturnas-em-setembro\/","title":{"rendered":"Zool\u00f3gico abre inscri\u00e7\u00f5es para visitas noturnas em setembro"},"content":{"rendered":"<p>O Zool\u00f3gico de Bras\u00edlia vai abrir 240 vagas para o passeio Zoo Noturno no m\u00eas de setembro. As inscri\u00e7\u00f5es come\u00e7am nesta quarta-feira (28), a partir das 10h, e devem ser feitas exclusivamente pelo e-mail atendimento@zoo.df.gov.br. O valor do passeio \u00e9 R$ 50 por pessoa e oferece aos visitantes a chance de explorar o parque sob uma nova perspectiva, acompanhados por guias da equipe de educa\u00e7\u00e3o ambiental do zool\u00f3gico.<\/p>\n<p>Durante o Zoo Noturno, os visitantes ter\u00e3o a oportunidade de conhecer os animais de h\u00e1bitos noturnos, como antas, lobos, on\u00e7as e outros. \u201c\u00c9 uma experi\u00eancia \u00fanica que permite observar o comportamento dos animais em hor\u00e1rios em que geralmente n\u00e3o est\u00e3o t\u00e3o ativos durante o dia\u201d, destaca o diretor-presidente do zool\u00f3gico, Wallison Couto.<\/p>\n<p>Os passeios noturnos s\u00e3o realizados nas noites de ter\u00e7a e quinta-feira, \u00e0s 19h. O objetivo \u00e9 aproximar o p\u00fablico da vida selvagem de maneira educativa, promovendo a conscientiza\u00e7\u00e3o sobre a import\u00e2ncia da conserva\u00e7\u00e3o da fauna e do meio ambiente. Cada passeio tem dura\u00e7\u00e3o m\u00e9dia de duas horas, com um roteiro especial pensado para maximizar a experi\u00eancia dos visitantes.<\/p>\n<p>As vagas para o Zoo Noturno s\u00e3o limitadas e tendem a se esgotar rapidamente. Por isso, o zool\u00f3gico orienta que os interessados enviem o e-mail de inscri\u00e7\u00e3o assim que as inscri\u00e7\u00f5es forem abertas. No caso de n\u00e3o conseguir uma vaga para setembro, as inscri\u00e7\u00f5es para o m\u00eas de outubro ser\u00e3o abertas no final de setembro com o mesmo processo de inscri\u00e7\u00e3o por e-mail.<\/p>\n<p><strong>Orienta\u00e7\u00f5es<\/strong><br \/>\nO projeto Zoo Noturno \u00e9 uma excelente oportunidade para os amantes da natureza descobrirem o Zool\u00f3gico de Bras\u00edlia em um contexto diferente, explorando os mist\u00e9rios da vida noturna e aprendendo mais sobre a conserva\u00e7\u00e3o da fauna.<\/p>\n<p>Como muitos animais possuem h\u00e1bitos diurnos, o Zoo solicita que os visitantes respeitem o sil\u00eancio durante a visita para evitar incomodar os animais que n\u00e3o fazem parte do passeio. Al\u00e9m disso, h\u00e1 outras orienta\u00e7\u00f5es:<\/p>\n<p>\u21d2 Use roupas confort\u00e1veis e sapatos fechados;<br \/>\n\u21d2 Use agasalhos;<br \/>\n\u21d2 Leve garrafinha de \u00e1gua;<br \/>\n\u21d2 \u00c9 proibido o uso de lanternas, fotos e filmagens com flashs;<br \/>\n\u21d2 O passeio \u00e9 proibido para crian\u00e7as menores de 7 anos.<\/p>\n<p><strong>Passeio Zoo Noturno<\/strong><br \/>\n\u21d2 Datas e hor\u00e1rio: Ter\u00e7as e quintas-feiras, \u00e0s 19h<br \/>\n\u21d2 Inscri\u00e7\u00f5es: Abertura nesta quarta-feira (28), \u00e0s 10h, pelo e-mail atendimento@zoo.df.gov.br.<br \/>\n\u21d2 Valor: R$ 50 por pessoa.<\/p>\n","protected":false},"excerpt":{"rendered":"<p>O Zool\u00f3gico de Bras\u00edlia vai abrir 240 vagas para o passeio Zoo Noturno no m\u00eas de setembro. As inscri\u00e7\u00f5es come\u00e7am nesta quarta-feira (28), a partir das 10h, e devem ser feitas exclusivamente pelo e-mail atendimento@zoo.df.gov.br. O valor do passeio \u00e9 R$ 50 por pessoa e oferece aos visitantes a chance de explorar o parque sob [&hellip;]<\/p>\n","protected":false},"author":2,"featured_media":335362,"comment_status":"closed","ping_status":"closed","sticky":false,"template":"","format":"standard","meta":{"_acf_changed":false,"footnotes":""},"categories":[161],"tags":[],"class_list":["post-335361","post","type-post","status-publish","format-standard","has-post-thumbnail","hentry","category-quadradinho-em-foco"],"acf":[],"_links":{"self":[{"href":"https:\/\/www.notibras.com\/site\/wp-json\/wp\/v2\/posts\/335361","targetHints":{"allow":["GET"]}}],"collection":[{"href":"https:\/\/www.notibras.com\/site\/wp-json\/wp\/v2\/posts"}],"about":[{"href":"https:\/\/www.notibras.com\/site\/wp-json\/wp\/v2\/types\/post"}],"author":[{"embeddable":true,"href":"https:\/\/www.notibras.com\/site\/wp-json\/wp\/v2\/users\/2"}],"replies":[{"embeddable":true,"href":"https:\/\/www.notibras.com\/site\/wp-json\/wp\/v2\/comments?post=335361"}],"version-history":[{"count":1,"href":"https:\/\/www.notibras.com\/site\/wp-json\/wp\/v2\/posts\/335361\/revisions"}],"predecessor-version":[{"id":335363,"href":"https:\/\/www.notibras.com\/site\/wp-json\/wp\/v2\/posts\/335361\/revisions\/335363"}],"wp:featuredmedia":[{"embeddable":true,"href":"https:\/\/www.notibras.com\/site\/wp-json\/wp\/v2\/media\/335362"}],"wp:attachment":[{"href":"https:\/\/www.notibras.com\/site\/wp-json\/wp\/v2\/media?parent=335361"}],"wp:term":[{"taxonomy":"category","embeddable":true,"href":"https:\/\/www.notibras.com\/site\/wp-json\/wp\/v2\/categories?post=335361"},{"taxonomy":"post_tag","embeddable":true,"href":"https:\/\/www.notibras.com\/site\/wp-json\/wp\/v2\/tags?post=335361"}],"curies":[{"name":"wp","href":"https:\/\/api.w.org\/{rel}","templated":true}]}}