{"id":335406,"date":"2024-08-28T02:02:23","date_gmt":"2024-08-28T05:02:23","guid":{"rendered":"https:\/\/www.notibras.com\/site\/?p=335406"},"modified":"2024-08-28T02:02:01","modified_gmt":"2024-08-28T05:02:01","slug":"mudanca-climatica-ameaca-seis-das-nove-capitais-do-nordeste","status":"publish","type":"post","link":"https:\/\/www.notibras.com\/site\/mudanca-climatica-ameaca-seis-das-nove-capitais-do-nordeste\/","title":{"rendered":"Mudan\u00e7a clim\u00e1tica amea\u00e7a seis das nove capitais do Nordeste"},"content":{"rendered":"<p>A Organiza\u00e7\u00e3o das Na\u00e7\u00f5es Unidas (ONU) divulgou nesta semana um relat\u00f3rio de alerta sobre a eleva\u00e7\u00e3o dos n\u00edveis do mar, representando graves perigos para diversas regi\u00f5es do planeta. Entre as \u00e1reas vulner\u00e1veis, o relat\u00f3rio cita duas cidades brasileiras, ambas no Rio de Janeiro: a capital fluminense e Atafona, em S\u00e3o Jo\u00e3o da Barra, no litoral norte do Estado.<\/p>\n<p>Mas, alertam ge\u00f3grafos e ambientalistas, na regi\u00e3o Nordeste o quadro tamb\u00e9m \u00e9 tanto ou mais preocupante. Com o aquecimento global e a consequente eleva\u00e7\u00e3o do n\u00edvel dos oceanos, em partticular o Atl\u00e2ntico, surge uma amea\u00e7a significativa para v\u00e1rias nordestinas localizadas ao longo da costa. Ao menos seis das nove capitais da regi\u00e3o s\u00e3o vulner\u00e1veis \u00e0s mudan\u00e7as clim\u00e1ticas: Recife, S\u00e3o Luis, Natal, Fortaleza, Salvador e Aracaju.<\/p>\n<p>Veja a seguir o que gera motivo de preocupa\u00e7\u00e3o:<\/p>\n<p><strong>1. Recife<\/strong><br \/>\nA capital pernambucana \u00e9 uma das cidades mais vulner\u00e1veis ao aumento do n\u00edvel do mar no Brasil. Devido \u00e0 sua localiza\u00e7\u00e3o em uma plan\u00edcie costeira baixa e \u00e0 densa urbaniza\u00e7\u00e3o, enfrenta riscos significativos de inunda\u00e7\u00f5es, eros\u00e3o costeira e intrus\u00e3o salina, que podem afetar a infraestrutura urbana e a disponibilidade de \u00e1gua pot\u00e1vel.<\/p>\n<p><strong>2. S\u00e3o Lu\u00eds<\/strong><br \/>\nLocalizada em uma ilha e cercada por uma extensa \u00e1rea de manguezais, S\u00e3o Lu\u00eds est\u00e1 particularmente exposta ao aumento do n\u00edvel do mar e \u00e0 intensifica\u00e7\u00e3o das mar\u00e9s. A cidade maranhense pode enfrentar inunda\u00e7\u00f5es frequentes, danos \u00e0s zonas costeiras e perda de ecossistemas importantes.<\/p>\n<p><strong>3. Natal<\/strong><br \/>\nA capital do Rio Grande do Norte \u00e9 outra cidade costeira vulner\u00e1vel ao aumento do n\u00edvel do mar. Com sua costa arenosa e dunas m\u00f3veis, pode sofrer com a eros\u00e3o costeira acelerada, que amea\u00e7a estruturas pr\u00f3ximas \u00e0 orla e reduz as praias, que s\u00e3o importantes para o turismo local.<\/p>\n<p><strong>4. Fortaleza<\/strong><br \/>\nComo outras cidades costeiras, a capital do Cear\u00e1 enfrenta riscos de eleva\u00e7\u00e3o do n\u00edvel do mar e eros\u00e3o de suas praias. A expans\u00e3o urbana em \u00e1reas de risco e a degrada\u00e7\u00e3o de ecossistemas naturais, como manguezais e recifes de coral, aumentam a vulnerabilidade da cidade a eventos clim\u00e1ticos extremos e ao avan\u00e7o do mar.<\/p>\n<p><strong>5. Salvador<\/strong><br \/>\nCom sua extensa linha costeira, a capital da Bahia enfrenta riscos de inunda\u00e7\u00f5es e deslizamentos de terra em \u00e1reas mais baixas e encostas inst\u00e1veis, especialmente durante tempestades. A eleva\u00e7\u00e3o do n\u00edvel do mar pode exacerbar esses problemas e afetar comunidades costeiras e patrim\u00f4nio hist\u00f3rico.<\/p>\n<p><strong>6. Aracaju<\/strong><br \/>\nA capital sergipana, localizada na foz do rio Sergipe, est\u00e1 sujeita a inunda\u00e7\u00f5es devido ao aumento do n\u00edvel do mar e ao assoreamento dos cursos d&#8217;\u00e1gua. A urbaniza\u00e7\u00e3o descontrolada em \u00e1reas de manguezal tamb\u00e9m contribui para a maior vulnerabilidade.<\/p>\n<p>Al\u00e9m dessas capitais, muitas outras cidades ao longo da costa nordestina enfrentam desafios semelhantes. Os impactos do aumento do n\u00edvel do mar incluem n\u00e3o apenas inunda\u00e7\u00f5es, mas tamb\u00e9m a eros\u00e3o costeira, saliniza\u00e7\u00e3o de fontes de \u00e1gua doce, perda de terras agr\u00edcolas e deslocamento de comunidades.<\/p>\n<p>Para ge\u00f3grafos e ambientalistas consultados por <strong>Notibras<\/strong>, medidas de adapta\u00e7\u00e3o importantes incluem o planejamento urbano resiliente, a restaura\u00e7\u00e3o de ecossistemas costeiros (como manguezais e dunas) e a implementa\u00e7\u00e3o de infraestruturas que reduzam o impacto de inunda\u00e7\u00f5es e tempestades.<\/p>\n","protected":false},"excerpt":{"rendered":"<p>A Organiza\u00e7\u00e3o das Na\u00e7\u00f5es Unidas (ONU) divulgou nesta semana um relat\u00f3rio de alerta sobre a eleva\u00e7\u00e3o dos n\u00edveis do mar, representando graves perigos para diversas regi\u00f5es do planeta. Entre as \u00e1reas vulner\u00e1veis, o relat\u00f3rio cita duas cidades brasileiras, ambas no Rio de Janeiro: a capital fluminense e Atafona, em S\u00e3o Jo\u00e3o da Barra, no litoral [&hellip;]<\/p>\n","protected":false},"author":2,"featured_media":330145,"comment_status":"closed","ping_status":"closed","sticky":false,"template":"","format":"standard","meta":{"_acf_changed":false,"footnotes":""},"categories":[165],"tags":[95],"class_list":["post-335406","post","type-post","status-publish","format-standard","has-post-thumbnail","hentry","category-nordeste","tag-capa"],"acf":[],"_links":{"self":[{"href":"https:\/\/www.notibras.com\/site\/wp-json\/wp\/v2\/posts\/335406","targetHints":{"allow":["GET"]}}],"collection":[{"href":"https:\/\/www.notibras.com\/site\/wp-json\/wp\/v2\/posts"}],"about":[{"href":"https:\/\/www.notibras.com\/site\/wp-json\/wp\/v2\/types\/post"}],"author":[{"embeddable":true,"href":"https:\/\/www.notibras.com\/site\/wp-json\/wp\/v2\/users\/2"}],"replies":[{"embeddable":true,"href":"https:\/\/www.notibras.com\/site\/wp-json\/wp\/v2\/comments?post=335406"}],"version-history":[{"count":3,"href":"https:\/\/www.notibras.com\/site\/wp-json\/wp\/v2\/posts\/335406\/revisions"}],"predecessor-version":[{"id":335409,"href":"https:\/\/www.notibras.com\/site\/wp-json\/wp\/v2\/posts\/335406\/revisions\/335409"}],"wp:featuredmedia":[{"embeddable":true,"href":"https:\/\/www.notibras.com\/site\/wp-json\/wp\/v2\/media\/330145"}],"wp:attachment":[{"href":"https:\/\/www.notibras.com\/site\/wp-json\/wp\/v2\/media?parent=335406"}],"wp:term":[{"taxonomy":"category","embeddable":true,"href":"https:\/\/www.notibras.com\/site\/wp-json\/wp\/v2\/categories?post=335406"},{"taxonomy":"post_tag","embeddable":true,"href":"https:\/\/www.notibras.com\/site\/wp-json\/wp\/v2\/tags?post=335406"}],"curies":[{"name":"wp","href":"https:\/\/api.w.org\/{rel}","templated":true}]}}