{"id":335415,"date":"2024-08-28T00:00:49","date_gmt":"2024-08-28T03:00:49","guid":{"rendered":"https:\/\/www.notibras.com\/site\/?p=335415"},"modified":"2024-08-28T02:49:38","modified_gmt":"2024-08-28T05:49:38","slug":"bahia-sofre-com-registro-de-quase-800-focos-de-incendio","status":"publish","type":"post","link":"https:\/\/www.notibras.com\/site\/bahia-sofre-com-registro-de-quase-800-focos-de-incendio\/","title":{"rendered":"Bahia sofre com registro de quase 800 focos de inc\u00eandio"},"content":{"rendered":"<p>A Bahia registrou 785 focos de queimadas no per\u00edodo de 1\u00ba a 26 de agosto. Este n\u00famero destaca o impacto significativo das queimadas na regi\u00e3o durante o m\u00eas, contribuindo para preocupa\u00e7\u00f5es ambientais e de sa\u00fade p\u00fablica.<\/p>\n<p>As queimadas podem ser causadas por uma combina\u00e7\u00e3o de fatores naturais e humanos, incluindo condi\u00e7\u00f5es clim\u00e1ticas secas, pr\u00e1ticas agr\u00edcolas e outras atividades humanas.<\/p>\n<p>A alta incid\u00eancia de focos de queimadas exige aten\u00e7\u00e3o redobrada das autoridades e da popula\u00e7\u00e3o para a preven\u00e7\u00e3o e controle de inc\u00eandios, al\u00e9m de pol\u00edticas de conserva\u00e7\u00e3o ambiental mais rigorosas para proteger o bioma local e a qualidade do ar.<\/p>\n","protected":false},"excerpt":{"rendered":"<p>A Bahia registrou 785 focos de queimadas no per\u00edodo de 1\u00ba a 26 de agosto. Este n\u00famero destaca o impacto significativo das queimadas na regi\u00e3o durante o m\u00eas, contribuindo para preocupa\u00e7\u00f5es ambientais e de sa\u00fade p\u00fablica. As queimadas podem ser causadas por uma combina\u00e7\u00e3o de fatores naturais e humanos, incluindo condi\u00e7\u00f5es clim\u00e1ticas secas, pr\u00e1ticas agr\u00edcolas [&hellip;]<\/p>\n","protected":false},"author":2,"featured_media":323640,"comment_status":"closed","ping_status":"closed","sticky":false,"template":"","format":"standard","meta":{"_acf_changed":false,"footnotes":""},"categories":[165],"tags":[],"class_list":["post-335415","post","type-post","status-publish","format-standard","has-post-thumbnail","hentry","category-nordeste"],"acf":[],"_links":{"self":[{"href":"https:\/\/www.notibras.com\/site\/wp-json\/wp\/v2\/posts\/335415","targetHints":{"allow":["GET"]}}],"collection":[{"href":"https:\/\/www.notibras.com\/site\/wp-json\/wp\/v2\/posts"}],"about":[{"href":"https:\/\/www.notibras.com\/site\/wp-json\/wp\/v2\/types\/post"}],"author":[{"embeddable":true,"href":"https:\/\/www.notibras.com\/site\/wp-json\/wp\/v2\/users\/2"}],"replies":[{"embeddable":true,"href":"https:\/\/www.notibras.com\/site\/wp-json\/wp\/v2\/comments?post=335415"}],"version-history":[{"count":3,"href":"https:\/\/www.notibras.com\/site\/wp-json\/wp\/v2\/posts\/335415\/revisions"}],"predecessor-version":[{"id":335418,"href":"https:\/\/www.notibras.com\/site\/wp-json\/wp\/v2\/posts\/335415\/revisions\/335418"}],"wp:featuredmedia":[{"embeddable":true,"href":"https:\/\/www.notibras.com\/site\/wp-json\/wp\/v2\/media\/323640"}],"wp:attachment":[{"href":"https:\/\/www.notibras.com\/site\/wp-json\/wp\/v2\/media?parent=335415"}],"wp:term":[{"taxonomy":"category","embeddable":true,"href":"https:\/\/www.notibras.com\/site\/wp-json\/wp\/v2\/categories?post=335415"},{"taxonomy":"post_tag","embeddable":true,"href":"https:\/\/www.notibras.com\/site\/wp-json\/wp\/v2\/tags?post=335415"}],"curies":[{"name":"wp","href":"https:\/\/api.w.org\/{rel}","templated":true}]}}