{"id":335419,"date":"2024-08-28T00:59:44","date_gmt":"2024-08-28T03:59:44","guid":{"rendered":"https:\/\/www.notibras.com\/site\/?p=335419"},"modified":"2024-08-28T03:02:13","modified_gmt":"2024-08-28T06:02:13","slug":"terraco-shopping-recebe-a-beer-week-de-quinta-feira-a-domingo","status":"publish","type":"post","link":"https:\/\/www.notibras.com\/site\/terraco-shopping-recebe-a-beer-week-de-quinta-feira-a-domingo\/","title":{"rendered":"Terra\u00e7o Shopping recebe a Beer Week de quinta-feira a domingo"},"content":{"rendered":"<p>Os amantes de cerveja t\u00eam compromisso marcado no Terra\u00e7o Shopping, entre os dias 29 de agosto e 1\u00ba de setembro, quando, pela primeira vez, o shopping receber\u00e1 a Beer Week. O evento, que re\u00fane profissionais da ind\u00fastria cervejeira e entusiastas da bebida em workshops de cultura cervejeira, harmoniza\u00e7\u00e3o e mercado cervejeiro, ter\u00e1 ainda uma feira com expositores que trar\u00e3o op\u00e7\u00f5es de cervejas nacionais e internacionais para degusta\u00e7\u00e3o e venda, al\u00e9m de outros produtos gourmet.<\/p>\n<p>Na sexta-feira, 30, \u00e0s 17h, o evento ter\u00e1 o primeiro Beer Talk, com Daniel Ribas, dono da Cervejaria Zanadu, uma das principais refer\u00eancias do mercado de cervejas artesanais de Bras\u00edlia. Em 2017, come\u00e7ou produzindo suas primeiras cria\u00e7\u00f5es em casa, logo se transformando em um neg\u00f3cio de sucesso, refletindo sua dedica\u00e7\u00e3o e habilidade em criar cervejas \u00fanicas e memor\u00e1veis. Daniel se tornou conhecido por sua capacidade de inovar, misturando sabores e cores do Cerrado com estilos consagrados do mercado internacional, criando assim receitas que encantam tanto os aficcionados por cerveja quanto os curiosos em busca de novas experi\u00eancias sensoriais.<\/p>\n<p>J\u00e1 no s\u00e1bado (31), \u00e0s 14h, quem sobe ao palco no Beer Talk \u00e9 a sommelier B\u00e1rbara Soares. Ela atua na gastronomia desde 2012 e iniciou sua carreira em Bras\u00edlia como Personal Chef, onde participou de in\u00fameros eventos gastron\u00f4micos, expondo seus produtos e oferecendo servi\u00e7os para um p\u00fablico diversificado. Ao longo do tempo, come\u00e7ou a integrar bebidas em suas ofertas, promovendo harmoniza\u00e7\u00f5es em seus eventos. Em 2016, obteve a certifica\u00e7\u00e3o de Sommelier de Cervejas e passou a atuar como jurada em diversos concursos de cervejas.<\/p>\n<p>Mais tarde, ainda no s\u00e1bado, \u00e0s 17h30, Marcelo Naves, fundador da Cervejaria Quatro Poderes, uma das principais refer\u00eancias do cen\u00e1rio cervejeiro de Bras\u00edlia, participar\u00e1 do Beer Talk. Fundada em janeiro de 2018, a Quatro Poderes se destacou por inova\u00e7\u00e3o e qualidade. A trajet\u00f3ria de sucesso da empresa \u00e9 marcada pelo lan\u00e7amento de r\u00f3tulos premiados, como a Saison Cagaita e a P\u00e9rola do Cerrado, uma Session IPA desenvolvido pela Embrapa. Com uma gama de produtos que valoriza a biodiversidade do Cerrado e eleva a qualidade da cerveja artesanal no Brasil, Marcelo Naves \u00e9 uma figura central no movimento craft beer de Bras\u00edlia, impulsionando o setor com sua paix\u00e3o, criatividade e compromisso com a excel\u00eancia.<\/p>\n<p>Encerrando o Beer Talk, no domingo, 1\u00ba de setembro, \u00e0s 17h30, ser\u00e1 a vez do gastr\u00f3logo Rodrigo Hosannaah. Com uma s\u00f3lida forma\u00e7\u00e3o acad\u00eamica e pr\u00e1tica na \u00e1rea de gastronomia e bebidas, Rodrigo \u00e9 tamb\u00e9m um Sommelier de Cervejas, formado pela primeira turma da renomada institui\u00e7\u00e3o Science of Beer, em Bras\u00edlia. Com uma paix\u00e3o especial pela harmoniza\u00e7\u00e3o de cervejas com a comida e a rica gastronomia brasileira, Rodrigo se tornou um especialista nessa \u00e1rea, oferecendo uma perspectiva \u00fanica e sofisticada para um casamento entre sabores e aromas.<\/p>\n<p>A Beer Week ainda trar\u00e1 atra\u00e7\u00f5es musicais para divertir os apaixonados pelo mundo cervejeiro, na quinta-feira (29) e no s\u00e1bado (31), \u00e0s 19h. Os visitantes poder\u00e3o se divertir com a apresenta\u00e7\u00e3o da Banda Hauli. A banda mineira tem mais de 30 anos de estrada, j\u00e1 dividindo o palco com grandes nomes da m\u00fasica brasileira como Capital Inicial e Detonautas. Em seu repert\u00f3rio est\u00e3o cl\u00e1ssicos nacionais e internacionais das d\u00e9cadas de 80 e 90. Na banda est\u00e3o Henrique Ayres no sax e vocal, Cl\u00e1udio Martins no baixo, Renato Caetano na guitarra e vocal, e Daniel Monteiro na bateria.<\/p>\n<p>Na sexta-feira (30), \u00e0s 19h, a atra\u00e7\u00e3o musical da Beer Week \u00e9 a dupla Nathasha e Luigi, conhecidos como NL Ac\u00fastico. Desde 2021, eles t\u00eam encantado o p\u00fablico em eventos em Bras\u00edlia com suas apresenta\u00e7\u00f5es cativantes e intimistas. Com um repert\u00f3rio diversificado, que abrange MPB, jazz, pop\/rock nacional e internacional, Nathasha e Luigi trazem uma experi\u00eancia musical \u00fanica e envolvente para cada performance. Suas interpreta\u00e7\u00f5es, cheias de emo\u00e7\u00e3o e sintonia, refletem a profunda conex\u00e3o entre eles, tornando cada apresenta\u00e7\u00e3o um momento inesquec\u00edvel para o p\u00fablico.<\/p>\n<p><strong>Servi\u00e7o:<\/strong><br \/>\nBeer Week<br \/>\nQuinta-feira (29) &#8211; 16h \u00e0s 22h<br \/>\nSexta e S\u00e1bado (30 e 31) &#8211; 14h \u00e0s 22h<br \/>\nDomingo (01\/09) &#8211; 12h \u00e0s 20h<br \/>\nNa Pra\u00e7a Central<\/p>\n","protected":false},"excerpt":{"rendered":"<p>Os amantes de cerveja t\u00eam compromisso marcado no Terra\u00e7o Shopping, entre os dias 29 de agosto e 1\u00ba de setembro, quando, pela primeira vez, o shopping receber\u00e1 a Beer Week. O evento, que re\u00fane profissionais da ind\u00fastria cervejeira e entusiastas da bebida em workshops de cultura cervejeira, harmoniza\u00e7\u00e3o e mercado cervejeiro, ter\u00e1 ainda uma feira [&hellip;]<\/p>\n","protected":false},"author":2,"featured_media":335420,"comment_status":"closed","ping_status":"closed","sticky":false,"template":"","format":"standard","meta":{"_acf_changed":false,"footnotes":""},"categories":[161],"tags":[],"class_list":["post-335419","post","type-post","status-publish","format-standard","has-post-thumbnail","hentry","category-quadradinho-em-foco"],"acf":[],"_links":{"self":[{"href":"https:\/\/www.notibras.com\/site\/wp-json\/wp\/v2\/posts\/335419","targetHints":{"allow":["GET"]}}],"collection":[{"href":"https:\/\/www.notibras.com\/site\/wp-json\/wp\/v2\/posts"}],"about":[{"href":"https:\/\/www.notibras.com\/site\/wp-json\/wp\/v2\/types\/post"}],"author":[{"embeddable":true,"href":"https:\/\/www.notibras.com\/site\/wp-json\/wp\/v2\/users\/2"}],"replies":[{"embeddable":true,"href":"https:\/\/www.notibras.com\/site\/wp-json\/wp\/v2\/comments?post=335419"}],"version-history":[{"count":1,"href":"https:\/\/www.notibras.com\/site\/wp-json\/wp\/v2\/posts\/335419\/revisions"}],"predecessor-version":[{"id":335421,"href":"https:\/\/www.notibras.com\/site\/wp-json\/wp\/v2\/posts\/335419\/revisions\/335421"}],"wp:featuredmedia":[{"embeddable":true,"href":"https:\/\/www.notibras.com\/site\/wp-json\/wp\/v2\/media\/335420"}],"wp:attachment":[{"href":"https:\/\/www.notibras.com\/site\/wp-json\/wp\/v2\/media?parent=335419"}],"wp:term":[{"taxonomy":"category","embeddable":true,"href":"https:\/\/www.notibras.com\/site\/wp-json\/wp\/v2\/categories?post=335419"},{"taxonomy":"post_tag","embeddable":true,"href":"https:\/\/www.notibras.com\/site\/wp-json\/wp\/v2\/tags?post=335419"}],"curies":[{"name":"wp","href":"https:\/\/api.w.org\/{rel}","templated":true}]}}