{"id":335439,"date":"2024-08-28T00:01:34","date_gmt":"2024-08-28T03:01:34","guid":{"rendered":"https:\/\/www.notibras.com\/site\/?p=335439"},"modified":"2024-08-28T03:44:09","modified_gmt":"2024-08-28T06:44:09","slug":"festival-expo-mix-tera-tres-dias-de-musica-e-comida-boa","status":"publish","type":"post","link":"https:\/\/www.notibras.com\/site\/festival-expo-mix-tera-tres-dias-de-musica-e-comida-boa\/","title":{"rendered":"Festival Expo Mix ter\u00e1 tr\u00eas dias de m\u00fasica e comida boa"},"content":{"rendered":"<p>O Festival Expo Mix Brasil est\u00e1 de volta em 2024, prometendo tr\u00eas dias inesquec\u00edveis de m\u00fasica, cultura e entretenimento para toda a fam\u00edlia. Realizado de 13 a 15 de setembro em Sobradinho, o evento ser\u00e1 um dos maiores encontros culturais da regi\u00e3o, reunindo grandes nomes da m\u00fasica brasileira e atraindo milhares de visitantes de diversas partes do pa\u00eds.<\/p>\n<p>O local conta com uma ampla pra\u00e7a gastron\u00f4mica, parque de divers\u00f5es, e shows com artistas nacionais e regionais.<\/p>\n<p><strong>Atra\u00e7\u00f5es<\/strong><br \/>\n* 13\/09 &#8211; Murilo Huff: O sertanejo rom\u00e2ntico de Murilo Huff abre o festival, prometendo emocionar o p\u00fablico com seus grandes sucessos e carisma incompar\u00e1vel.<br \/>\n* 14\/09 &#8211; A Definir<br \/>\n* 15\/09 &#8211; Ra\u00e7a Negra: Fechando o festival com chave de ouro, o grupo Ra\u00e7a Negra trar\u00e1 seus cl\u00e1ssicos do samba e pagode, embalando o p\u00fablico em uma viagem nost\u00e1lgica e contagiante.<\/p>\n<p>O Festival Expo Mix Brasil n\u00e3o \u00e9 apenas um evento cultural, mas tamb\u00e9m impulsionador econ\u00f4mico para a cidade e regi\u00e3o. Com uma estimativa de p\u00fablico de 30 mil pessoas por dia, o festival atrai visitantes das cidades sat\u00e9lites e de outros estados, movimentando o turismo local e gerando oportunidades de cerca de mil empregos diretos e indiretos.<\/p>\n<p>Al\u00e9m do impacto econ\u00f4mico direto, o evento refor\u00e7a a cidade como um polo de grandes espet\u00e1culos, oferecendo aos visitantes uma experi\u00eancia \u00fanica de entretenimento e lazer. Com uma estrutura de ponta, o festival proporciona momentos inesquec\u00edveis, fortalecendo o calend\u00e1rio cultural da cidade.<\/p>\n<p><strong>Servi\u00e7o:<\/strong><br \/>\n* Data: 13 a 15 de setembro de 2024<br \/>\n* Local: Estacionamento do est\u00e1dio &#8211; Sobradinho<br \/>\n* Hor\u00e1rio: A partir das 18h<br \/>\n* Ingressos: Entrada gratuita<\/p>\n","protected":false},"excerpt":{"rendered":"<p>O Festival Expo Mix Brasil est\u00e1 de volta em 2024, prometendo tr\u00eas dias inesquec\u00edveis de m\u00fasica, cultura e entretenimento para toda a fam\u00edlia. Realizado de 13 a 15 de setembro em Sobradinho, o evento ser\u00e1 um dos maiores encontros culturais da regi\u00e3o, reunindo grandes nomes da m\u00fasica brasileira e atraindo milhares de visitantes de diversas [&hellip;]<\/p>\n","protected":false},"author":2,"featured_media":335440,"comment_status":"closed","ping_status":"closed","sticky":false,"template":"","format":"standard","meta":{"_acf_changed":false,"footnotes":""},"categories":[161],"tags":[],"class_list":["post-335439","post","type-post","status-publish","format-standard","has-post-thumbnail","hentry","category-quadradinho-em-foco"],"acf":[],"_links":{"self":[{"href":"https:\/\/www.notibras.com\/site\/wp-json\/wp\/v2\/posts\/335439","targetHints":{"allow":["GET"]}}],"collection":[{"href":"https:\/\/www.notibras.com\/site\/wp-json\/wp\/v2\/posts"}],"about":[{"href":"https:\/\/www.notibras.com\/site\/wp-json\/wp\/v2\/types\/post"}],"author":[{"embeddable":true,"href":"https:\/\/www.notibras.com\/site\/wp-json\/wp\/v2\/users\/2"}],"replies":[{"embeddable":true,"href":"https:\/\/www.notibras.com\/site\/wp-json\/wp\/v2\/comments?post=335439"}],"version-history":[{"count":1,"href":"https:\/\/www.notibras.com\/site\/wp-json\/wp\/v2\/posts\/335439\/revisions"}],"predecessor-version":[{"id":335441,"href":"https:\/\/www.notibras.com\/site\/wp-json\/wp\/v2\/posts\/335439\/revisions\/335441"}],"wp:featuredmedia":[{"embeddable":true,"href":"https:\/\/www.notibras.com\/site\/wp-json\/wp\/v2\/media\/335440"}],"wp:attachment":[{"href":"https:\/\/www.notibras.com\/site\/wp-json\/wp\/v2\/media?parent=335439"}],"wp:term":[{"taxonomy":"category","embeddable":true,"href":"https:\/\/www.notibras.com\/site\/wp-json\/wp\/v2\/categories?post=335439"},{"taxonomy":"post_tag","embeddable":true,"href":"https:\/\/www.notibras.com\/site\/wp-json\/wp\/v2\/tags?post=335439"}],"curies":[{"name":"wp","href":"https:\/\/api.w.org\/{rel}","templated":true}]}}