{"id":335445,"date":"2024-08-28T00:00:06","date_gmt":"2024-08-28T03:00:06","guid":{"rendered":"https:\/\/www.notibras.com\/site\/?p=335445"},"modified":"2024-08-28T04:22:43","modified_gmt":"2024-08-28T07:22:43","slug":"feira-de-artesanato-em-planaltina-comeca-sexta-e-vai-ate-o-domingo","status":"publish","type":"post","link":"https:\/\/www.notibras.com\/site\/feira-de-artesanato-em-planaltina-comeca-sexta-e-vai-ate-o-domingo\/","title":{"rendered":"Feira de artesanato em Planaltina come\u00e7a sexta e vai at\u00e9 o domingo"},"content":{"rendered":"<p>A partir desta sexta-feira (30) at\u00e9 o domingo, 1\u00b0 de setembro, Planaltina receber\u00e1 mais uma edi\u00e7\u00e3o do Festival ArtesanArte. O evento, que celebra a riqueza do artesanato e a criatividade local, ser\u00e1 realizado no estacionamento do espa\u00e7o Fun\u00e7\u00f5es M\u00faltiplas.<\/p>\n<p>O ArtesanArte \u00e9 uma feira de economia criativa aberta a artes\u00e3os e manualistas, oferecendo uma oportunidade para a comercializa\u00e7\u00e3o de suas obras em um espa\u00e7o amplo. Al\u00e9m da feira, durante a realiza\u00e7\u00e3o do evento, diversos food trucks estar\u00e3o dispon\u00edveis no local.<\/p>\n<p>Valorizar o artesanato em Bras\u00edlia \u00e9 um dos objetivos da Secretaria de Turismo. O ArtesanArte \u00e9 mais um dos eventos que promovem a produ\u00e7\u00e3o artesanal no Distrito Federal, permitindo que mais pessoas conhe\u00e7am e valorizem os trabalhos de artesanato da capital.<\/p>\n<p>O evento conta com o apoio da Secretaria de Turismo e tem entrada gratuita, com retirada de ingressos pelo Sympla.<\/p>\n<p><strong>Festival ArtesanArte<\/strong><br \/>\n\u2192 Data \u2013 De 30 de agosto a 1\u00b0 de setembro<br \/>\n\u2192 Hor\u00e1rio \u2013 Das 10h \u00e0s 18h<\/p>\n","protected":false},"excerpt":{"rendered":"<p>A partir desta sexta-feira (30) at\u00e9 o domingo, 1\u00b0 de setembro, Planaltina receber\u00e1 mais uma edi\u00e7\u00e3o do Festival ArtesanArte. O evento, que celebra a riqueza do artesanato e a criatividade local, ser\u00e1 realizado no estacionamento do espa\u00e7o Fun\u00e7\u00f5es M\u00faltiplas. O ArtesanArte \u00e9 uma feira de economia criativa aberta a artes\u00e3os e manualistas, oferecendo uma oportunidade [&hellip;]<\/p>\n","protected":false},"author":2,"featured_media":335446,"comment_status":"closed","ping_status":"closed","sticky":false,"template":"","format":"standard","meta":{"_acf_changed":false,"footnotes":""},"categories":[161],"tags":[],"class_list":["post-335445","post","type-post","status-publish","format-standard","has-post-thumbnail","hentry","category-quadradinho-em-foco"],"acf":[],"_links":{"self":[{"href":"https:\/\/www.notibras.com\/site\/wp-json\/wp\/v2\/posts\/335445","targetHints":{"allow":["GET"]}}],"collection":[{"href":"https:\/\/www.notibras.com\/site\/wp-json\/wp\/v2\/posts"}],"about":[{"href":"https:\/\/www.notibras.com\/site\/wp-json\/wp\/v2\/types\/post"}],"author":[{"embeddable":true,"href":"https:\/\/www.notibras.com\/site\/wp-json\/wp\/v2\/users\/2"}],"replies":[{"embeddable":true,"href":"https:\/\/www.notibras.com\/site\/wp-json\/wp\/v2\/comments?post=335445"}],"version-history":[{"count":1,"href":"https:\/\/www.notibras.com\/site\/wp-json\/wp\/v2\/posts\/335445\/revisions"}],"predecessor-version":[{"id":335447,"href":"https:\/\/www.notibras.com\/site\/wp-json\/wp\/v2\/posts\/335445\/revisions\/335447"}],"wp:featuredmedia":[{"embeddable":true,"href":"https:\/\/www.notibras.com\/site\/wp-json\/wp\/v2\/media\/335446"}],"wp:attachment":[{"href":"https:\/\/www.notibras.com\/site\/wp-json\/wp\/v2\/media?parent=335445"}],"wp:term":[{"taxonomy":"category","embeddable":true,"href":"https:\/\/www.notibras.com\/site\/wp-json\/wp\/v2\/categories?post=335445"},{"taxonomy":"post_tag","embeddable":true,"href":"https:\/\/www.notibras.com\/site\/wp-json\/wp\/v2\/tags?post=335445"}],"curies":[{"name":"wp","href":"https:\/\/api.w.org\/{rel}","templated":true}]}}