{"id":335506,"date":"2024-08-29T09:54:18","date_gmt":"2024-08-29T12:54:18","guid":{"rendered":"https:\/\/www.notibras.com\/site\/?p=335506"},"modified":"2024-08-29T10:13:03","modified_gmt":"2024-08-29T13:13:03","slug":"robson-achiame-anarquista-e-fanatico-pelo-botafogo","status":"publish","type":"post","link":"https:\/\/www.notibras.com\/site\/robson-achiame-anarquista-e-fanatico-pelo-botafogo\/","title":{"rendered":"Robson Achiam\u00e9, anarquista e fan\u00e1tico pelo Botafogo"},"content":{"rendered":"<p>Conheci o Robson Achiam\u00e9 em 2004 atrav\u00e9s da m\u00e3e da minha filha mais velha. Eu, com o original do meu primeiro romance em m\u00e3os, &#8220;Despido de ilus\u00f5es&#8221;; ele, dono da editora Achiam\u00e9 e incans\u00e1vel divulgador da cultura libert\u00e1ria. Gostei de cara do sujeito, cuja voz rouca e arrastada me fez lembrar a do ator Jos\u00e9 Lewgoy.<\/p>\n<p>\u2014 Edu, eu conhe\u00e7o o Lewgoy. \u00c9 um cara muito interessante e com \u00f3timas ideias.<\/p>\n<p>Al\u00e9m do Lewgoy, que eu j\u00e1 era f\u00e3 desde que assisti \u00e0 chanchada &#8220;Matar ou correr&#8221;, onde ele fazia o vil\u00e3o Jesse Gordon, percebi que o Robson era um alucinado torcedor do Botafogo. Mais um motivo para a nossa amizade vingar, seja no sofrimento, seja nos momentos de parcas alegrias.<\/p>\n<p>Foi na sede da editora, na Tijuca, que conheci o diagramador e faz tudo Jos\u00e9 Carlos, o Z\u00e9, magro que nem palito. Como o pr\u00f3prio Robson gostava de dizer, prefiro que voc\u00ea, leitora ou leitor, tenha ideia do que era o companheiro de trabalho dele.<\/p>\n<p>\u2014 Edu, esse \u00e9 o Z\u00e9, meu bra\u00e7o-direito, meu bra\u00e7o esquerdo, minhas pernas e todo o resto do corpo.<\/p>\n<p>Durante a revis\u00e3o do texto de &#8220;Despido de ilus\u00f5es&#8221;, tive o prazer de conhecer um pouco mais sobre o Z\u00e9, assim como trocar ideias com o Robson. Aprendi algumas coisas em rela\u00e7\u00e3o \u00e0 edi\u00e7\u00e3o de livros, da luta que \u00e9 para divulgar uma publica\u00e7\u00e3o, dos entraves que o of\u00edcio apresenta. No entanto, a despeito de todos esses percal\u00e7os, um me incomodava demais. \u00c9 que n\u00e3o queria que meu livro sa\u00edsse com erros gramaticais.<\/p>\n<p>Enquanto o Z\u00e9 trabalhava com os olhos voltados para o meu original sobre a mesa, o Robson me chamou para tomarmos um caf\u00e9, que, por sinal, estava delicioso.<\/p>\n<p>\u2014 Muito bom! Voc\u00ea que fez?<\/p>\n<p>\u2014 N\u00e3o. Meu caf\u00e9 \u00e9 horr\u00edvel. O Z\u00e9 \u00e9 que sabe fazer.<\/p>\n<p>Entre um gole e outro, o Robson pousou carinhosamente sua m\u00e3o sobre meu ombro e come\u00e7ou a falar algo que, at\u00e9 hoje, reconforta meu cora\u00e7\u00e3o.<\/p>\n<p>\u2014 Edu, se o Z\u00e9 ficasse ali trabalhando sobre o seu livro durante dez anos, ainda assim sairia com algum erro.<\/p>\n<p>\u2014 Robson, mas vai chegar uma hora que n\u00e3o vai ter mais erros.<\/p>\n<p>\u2014 N\u00e3o. H\u00e1 uma premissa que nunca falha, meu amigo escritor.<\/p>\n<p>\u2014 E qual \u00e9?<\/p>\n<p>\u2014 N\u00e3o se descabele por conta das falhas. Todos os textos possuem artimanhas que, quando impressos, fazem com que os erros saltem aos olhos.<\/p>\n<p><strong>*Eduardo Mart\u00ednez \u00e9 autor do livro \u201c57 Contos e Cr\u00f4nicas por um Autor muito Velho\u201d.<\/strong><\/p>\n<p>Compre aqui\u00a0<span class=\"x19la9d6 x1fc57z9 x6ikm8r x10wlt62 x19co3pv x1g5zs5t xfibh0p xiy17q3 x1xsqp64 x1lkfr7t xexx8yu x4uap5 x18d9i69 xkhd6sd\"><span class=\"xrtxmta x1bhl96m\"><img decoding=\"async\" class=\"emoji\" role=\"img\" draggable=\"false\" src=\"https:\/\/s.w.org\/images\/core\/emoji\/14.0.0\/svg\/1f447-1f3ff.svg\" alt=\"&#x1f447;&#x1f3ff;\" \/><\/span><\/span><span class=\"x19la9d6 x1fc57z9 x6ikm8r x10wlt62 x19co3pv x1g5zs5t xfibh0p xiy17q3 x1xsqp64 x1lkfr7t xexx8yu x4uap5 x18d9i69 xkhd6sd\"><span class=\"xrtxmta x1bhl96m\"><img decoding=\"async\" class=\"emoji\" role=\"img\" draggable=\"false\" src=\"https:\/\/s.w.org\/images\/core\/emoji\/14.0.0\/svg\/1f447-1f3ff.svg\" alt=\"&#x1f447;&#x1f3ff;\" \/><\/span><\/span><span class=\"x19la9d6 x1fc57z9 x6ikm8r x10wlt62 x19co3pv x1g5zs5t xfibh0p xiy17q3 x1xsqp64 x1lkfr7t xexx8yu x4uap5 x18d9i69 xkhd6sd\"><span class=\"xrtxmta x1bhl96m\"><img decoding=\"async\" class=\"emoji\" role=\"img\" draggable=\"false\" src=\"https:\/\/s.w.org\/images\/core\/emoji\/14.0.0\/svg\/1f447-1f3ff.svg\" alt=\"&#x1f447;&#x1f3ff;\" \/><\/span><\/span><\/p>\n<p><a href=\"http:\/\/www.joanineditora.com.br\/57-contos-e-cronicas-por-um-autor-muito-velho\">http:\/\/www.joanineditora.com.br\/57-contos-e-cronicas-por-um-autor-muito-velho<\/a><\/p>\n","protected":false},"excerpt":{"rendered":"<p>Conheci o Robson Achiam\u00e9 em 2004 atrav\u00e9s da m\u00e3e da minha filha mais velha. Eu, com o original do meu primeiro romance em m\u00e3os, &#8220;Despido de ilus\u00f5es&#8221;; ele, dono da editora Achiam\u00e9 e incans\u00e1vel divulgador da cultura libert\u00e1ria. Gostei de cara do sujeito, cuja voz rouca e arrastada me fez lembrar a do ator Jos\u00e9 [&hellip;]<\/p>\n","protected":false},"author":2,"featured_media":335507,"comment_status":"closed","ping_status":"closed","sticky":false,"template":"","format":"standard","meta":{"_acf_changed":false,"footnotes":""},"categories":[161],"tags":[],"class_list":["post-335506","post","type-post","status-publish","format-standard","has-post-thumbnail","hentry","category-quadradinho-em-foco"],"acf":[],"_links":{"self":[{"href":"https:\/\/www.notibras.com\/site\/wp-json\/wp\/v2\/posts\/335506","targetHints":{"allow":["GET"]}}],"collection":[{"href":"https:\/\/www.notibras.com\/site\/wp-json\/wp\/v2\/posts"}],"about":[{"href":"https:\/\/www.notibras.com\/site\/wp-json\/wp\/v2\/types\/post"}],"author":[{"embeddable":true,"href":"https:\/\/www.notibras.com\/site\/wp-json\/wp\/v2\/users\/2"}],"replies":[{"embeddable":true,"href":"https:\/\/www.notibras.com\/site\/wp-json\/wp\/v2\/comments?post=335506"}],"version-history":[{"count":2,"href":"https:\/\/www.notibras.com\/site\/wp-json\/wp\/v2\/posts\/335506\/revisions"}],"predecessor-version":[{"id":335512,"href":"https:\/\/www.notibras.com\/site\/wp-json\/wp\/v2\/posts\/335506\/revisions\/335512"}],"wp:featuredmedia":[{"embeddable":true,"href":"https:\/\/www.notibras.com\/site\/wp-json\/wp\/v2\/media\/335507"}],"wp:attachment":[{"href":"https:\/\/www.notibras.com\/site\/wp-json\/wp\/v2\/media?parent=335506"}],"wp:term":[{"taxonomy":"category","embeddable":true,"href":"https:\/\/www.notibras.com\/site\/wp-json\/wp\/v2\/categories?post=335506"},{"taxonomy":"post_tag","embeddable":true,"href":"https:\/\/www.notibras.com\/site\/wp-json\/wp\/v2\/tags?post=335506"}],"curies":[{"name":"wp","href":"https:\/\/api.w.org\/{rel}","templated":true}]}}