{"id":335519,"date":"2024-08-29T08:03:56","date_gmt":"2024-08-29T11:03:56","guid":{"rendered":"https:\/\/www.notibras.com\/site\/?p=335519"},"modified":"2024-08-29T11:06:10","modified_gmt":"2024-08-29T14:06:10","slug":"entidades-alertam-sobre-riscos-do-cigarro-eletronico","status":"publish","type":"post","link":"https:\/\/www.notibras.com\/site\/entidades-alertam-sobre-riscos-do-cigarro-eletronico\/","title":{"rendered":"Entidades alertam sobre riscos do cigarro eletr\u00f4nico"},"content":{"rendered":"<p>No Dia Nacional de Combate ao Fumo, comemorado nesta quinta-feira (29), a Funda\u00e7\u00e3o do C\u00e2ncer refor\u00e7a o Movimento VapeOFF, contra os cigarros eletr\u00f4nicos, fazendo um apelo \u00e0 popula\u00e7\u00e3o, em especial aos jovens, para que \u201cse liguem na vida e sejam um vapeOFF\u201d. Em parceria com a Anup Social, que integra a Associa\u00e7\u00e3o Nacional das Universidades Particulares (ANUP), a entidade espera mobilizar jovens e adultos a aderirem \u00e0 campanha de combate ao uso crescente do produto, tamb\u00e9m conhecido como vape ou pod.<\/p>\n<p>A campanha inclui uma s\u00e9rie de materiais com videoaula, que est\u00e1 sendo encaminhada a professores dos ensinos m\u00e9dio e universit\u00e1rio, al\u00e9m de depoimentos de personalidades sobre a quest\u00e3o do cigarro eletr\u00f4nico, entre elas artistas, autoridades de sa\u00fade e influenciadores. A funda\u00e7\u00e3o conta com a parceria tamb\u00e9m de empresas, como a Ecoponte e a Onbus, que v\u00e3o veicular gratuitamente as mensagens da Funda\u00e7\u00e3o do C\u00e2ncer em suas \u00e1reas de atua\u00e7\u00e3o.<\/p>\n<p>O diretor executivo da Funda\u00e7\u00e3o do C\u00e2ncer, cirurgi\u00e3o oncol\u00f3gico Luiz Augusto Maltoni, disse \u00e0 Ag\u00eancia Brasil que a meta \u00e9 trabalhar \u201cmuito pesadamente para mostrar \u00e0 popula\u00e7\u00e3o, aos professores, pais e respons\u00e1veis, e sobretudo aos pr\u00f3prios jovens, dentro das universidades e escolas, os malef\u00edcios do consumo de cigarros eletr\u00f4nicos\u201d. Ser\u00e3o disponibilizados para as escolas e universidades materiais de informa\u00e7\u00e3o sobre os perigos do produto.<\/p>\n<p><strong>Um milh\u00e3o de pessoas<\/strong><br \/>\nO epidemiologista e consultor m\u00e9dico da Funda\u00e7\u00e3o do C\u00e2ncer, Alfredo Scaff, destacou que, de acordo com estudo da Organiza\u00e7\u00e3o Pan-Americana de Sa\u00fade (OPAS), o consumo do cigarro eletr\u00f4nico aumentou 600% nos \u00faltimos seis anos, em todo o mundo. \u201cE no Brasil n\u00e3o \u00e9 diferente\u201d, afirmou. Dados do Minist\u00e9rio da Sa\u00fade mostram que mais de 1 milh\u00e3o de pessoas j\u00e1 experimentaram esses dispositivos eletr\u00f4nicos, apesar de sua comercializa\u00e7\u00e3o ser proibida pela Ag\u00eancia Nacional de Vigil\u00e2ncia Sanit\u00e1ria (Anvisa) desde 2009. O mais grave \u00e9 que 70% desse p\u00fablico \u00e9 formado por adolescentes e adultos jovens de 15 a 24 anos, complementou Scaff.<\/p>\n<p>O foco \u00e9 trabalhar a popula\u00e7\u00e3o de maneira geral mas, sobretudo, a popula\u00e7\u00e3o jovem, que fica vulner\u00e1vel \u00e0s amea\u00e7as da falsa ideia de que o cigarro eletr\u00f4nico n\u00e3o faz mal, travestido de sabores e aromas, disse Luiz Augusto Maltoni. A ideia \u00e9 trabalhar o tema em salas de aula, acompanhado de filmes, para ajudar os professores a terem conte\u00fado qualificado para fazer com que esses jovens se sensibilizem. Em 2025, a Funda\u00e7\u00e3o do C\u00e2ncer pretende lan\u00e7ar o Desafio Universit\u00e1rio, em parceria com a Anup Social, para levar o ambiente universit\u00e1rio a pensar a quest\u00e3o do cigarro eletr\u00f4nico e buscar solu\u00e7\u00f5es, a partir de projetos que possam chegar a alunos do ensino m\u00e9dio e das universidades de modo a evitar que esses adolescentes iniciem o h\u00e1bito do cigarro, seja eletr\u00f4nico ou n\u00e3o.<\/p>\n<p>Maltoni informou que o tabagismo \u00e9 considerado doen\u00e7a pedi\u00e1trica. Uma publica\u00e7\u00e3o do Banco Mundial (BIRD) de 1999 mostrou que 90% dos tabagistas come\u00e7am a fumar antes dos 19 anos, com idade m\u00e9dia de inicia\u00e7\u00e3o aos 15. \u201cPor isso, nosso movimento tamb\u00e9m visa levar essa quest\u00e3o para as escolas. Queremos incentivar professores a conversar com seus alunos sobre os malef\u00edcios do vape\u201d, afirmou Maltoni.<\/p>\n<p>Em parceria com a Anup Social, a Funda\u00e7\u00e3o do C\u00e2ncer criou um kit digital antivape, com pe\u00e7as para serem usadas gratuitamente por todas as escolas p\u00fablicas e privadas do pa\u00eds. Foram disponibilizadas quatro videoaulas, com question\u00e1rios para debate nas turmas, cartaz, banner para sites, posts para redes sociais, filtro para Instagram e WhatsApp Card. A inten\u00e7\u00e3o foi criar pe\u00e7as que levem informa\u00e7\u00f5es sobre os perigos do cigarro eletr\u00f4nico para a sa\u00fade por meio de linguagem que se comunique com os jovens. As pe\u00e7as est\u00e3o sendo distribu\u00eddas a mais de 200 faculdades, centros universit\u00e1rios e universidades associadas \u00e0 ANUP, que contam com mais de 4 milh\u00f5es de estudantes matriculados. Elas ficar\u00e3o dispon\u00edveis tamb\u00e9m na p\u00e1gina do Movimento VapeOFF, de modo que qualquer institui\u00e7\u00e3o de ensino do pa\u00eds possa ter acesso. O acesso \u00e0s v\u00eddeoaulas e ao kit digital antivape pode ser obtido no endere\u00e7o www.cancer.org.br\/vapeoff.<\/p>\n<p><strong>Info.Collect<\/strong><br \/>\nTamb\u00e9m nesta quinta-feira (29), a Funda\u00e7\u00e3o do C\u00e2ncer lan\u00e7a a sexta edi\u00e7\u00e3o da pesquisa Info.Oncollect, boletim peri\u00f3dico que traz dados sobre o tabagismo e a mortalidade por c\u00e2ncer de pulm\u00e3o no Brasil. O trabalho mostra que embora no Brasil haja uma pol\u00edtica bem estruturada de controle do tabaco, que levou \u00e0 diminui\u00e7\u00e3o da preval\u00eancia de fumantes entre os homens, reduzindo em 1% a mortalidade por c\u00e2ncer de pulm\u00e3o entre pessoas do sexo masculino, a mortalidade entre as mulheres aumentou. Elas come\u00e7aram a fumar mais tardiamente do que os homens. A expans\u00e3o do n\u00famero de mulheres fumantes come\u00e7a a se refletir na mortalidade aumentada entre as mulheres por c\u00e2ncer de pulm\u00e3o, informou Luiz Augusto Maltoni. \u201cApesar de haver queda da mortalidade por c\u00e2ncer de pulm\u00e3o de 1% em todo o pa\u00eds, foi registrado aumento m\u00e9dio de 2% entre mulheres brasileiras, o que pode ser explicado pelo h\u00e1bito de fumar\u201d.<\/p>\n<p>O levantamento indicou tamb\u00e9m elevado n\u00famero de jovens estudantes que experimentaram o vape, mais de 20% em ambos os sexos. Maltoni estimou que as estat\u00edsticas dos malef\u00edcios do uso do vape em rela\u00e7\u00e3o ao c\u00e2ncer de pulm\u00e3o ter\u00e3o reflexo em 20 anos, uma vez que o c\u00e2ncer de pulm\u00e3o \u00e9 uma doen\u00e7a que avan\u00e7a lentamente. Os cigarros eletr\u00f4nicos cont\u00eam nicotina derivada do tabaco, cuja concentra\u00e7\u00e3o \u00e9 cerca de duas a tr\u00eas vezes maior do que os cigarros convencionais. Por isso, os especialistas alertam para poss\u00edvel eleva\u00e7\u00e3o de casos de c\u00e2ncer de pulm\u00e3o em idade mais jovem, antes dos 50 anos, faixa em que a doen\u00e7a era mais notificada.<\/p>\n<p>Alfredo Scaff destacou a necessidade da retomada urgente das campanhas educativas nacionais feitas pelos minist\u00e9rios da Sa\u00fade e da Educa\u00e7\u00e3o, bem como a fiscaliza\u00e7\u00e3o de fronteiras e o combate ao contrabando, \u00e0 falsifica\u00e7\u00e3o e \u00e0 comercializa\u00e7\u00e3o dos cigarros tradicionais e eletr\u00f4nicos, al\u00e9m da disponibiliza\u00e7\u00e3o de medicamentos e insumos para conter o tabagismo.<\/p>\n<p>O diretor executivo da Funda\u00e7\u00e3o do C\u00e2ncer disse que \u00e9 preciso aumentar o imposto sobre os produtos fum\u00edgenos. Levantamento anual dos pre\u00e7os de um ma\u00e7o de cigarro entre os 188 pa\u00edses que assinaram a Conven\u00e7\u00e3o-Quadro para o Controle do Tabaco da Organiza\u00e7\u00e3o Mundial de Sa\u00fade (OMS), feito pelo Centro de Apoio ao Tabagista, revela que o valor \u00e9 de R$ 33,26 em Portugal, R$ 48,59 na Alemanha e R$ 61,93 na Finl\u00e2ndia, contra apenas R$ 9,75 no Brasil o que, segundo ele, favorece o v\u00edcio.<\/p>\n<p><strong>Aditivos<\/strong><br \/>\nA coordenadora do Projeto de Controle do Tabaco da ACT Promo\u00e7\u00e3o da Sa\u00fade, Mariana Pinho, disse \u00e0 Ag\u00eancia Brasil que s\u00e3o objetos da campanha da organiza\u00e7\u00e3o neste ano os aditivos de aromas e sabores usados pela ind\u00fastria do tabaco nos cigarros eletr\u00f4nicos e convencionais. \u201cA gente entende que esses produtos eletr\u00f4nicos ou vapes s\u00e3o prejudiciais \u00e0 sa\u00fade e que a regulamenta\u00e7\u00e3o feita pela Anvisa desde 2009 protege a popula\u00e7\u00e3o e coibiu a dissemina\u00e7\u00e3o desenfreada no Brasil\u201d.<\/p>\n<p>A Pesquisa Nacional de Sa\u00fade, feita em 2019, observou que na popula\u00e7\u00e3o acima de 15 anos, 0,6% usava cigarros eletr\u00f4nicos. Na avalia\u00e7\u00e3o de Mariana, isso tem tudo a ver com a resolu\u00e7\u00e3o da Anvisa de proibir a circula\u00e7\u00e3o desses aparelhos. \u201cAgora, depois de cinco anos de a Anvisa se debru\u00e7ar na revis\u00e3o dessa resolu\u00e7\u00e3o, ela entendeu que al\u00e9m da proibi\u00e7\u00e3o que j\u00e1 existia, deveria ampliar a proibi\u00e7\u00e3o \u00e0 fabrica\u00e7\u00e3o, ao transporte, armazenamento, \u00e0 distribui\u00e7\u00e3o. &#8220;Toda a evid\u00eancia levantada, inclusive em consultas a institutos de pesquisa, usu\u00e1rios, setor regulado, sobre esse tema indicava que a conduta da Anvisa deveria ser mantida na proibi\u00e7\u00e3o da circula\u00e7\u00e3o dos cigarros eletr\u00f4nicos\u201d.<\/p>\n<p>A ACT Promo\u00e7\u00e3o da Sa\u00fade apoia a Anvisa e \u00e9 contr\u00e1ria ao Projeto de Lei 5.008, de 2023, que, al\u00e9m de estabelecer a libera\u00e7\u00e3o desses produtos, prev\u00ea o uso de aditivos de aromas e sabores. Permite ainda a venda na internet, que \u00e9 contr\u00e1ria \u00e0 legisla\u00e7\u00e3o existente contra o tabagismo. A comercializa\u00e7\u00e3o pela internet aumenta a possibilidade de menores adquirirem esses produtos, ponderou Mariana.<\/p>\n<p>A ACT Promo\u00e7\u00e3o da Sa\u00fade \u00e9 uma organiza\u00e7\u00e3o n\u00e3o governamental que atua na promo\u00e7\u00e3o e defesa de pol\u00edticas de sa\u00fade p\u00fablica, especialmente nas \u00e1reas de controle do tabagismo, alimenta\u00e7\u00e3o saud\u00e1vel, controle do \u00e1lcool e atividade f\u00edsica. A ONG est\u00e1 preocupada com o avan\u00e7o do projeto de lei no Senado e na C\u00e2mara e \u00e9 favor\u00e1vel \u00e0 sua rejei\u00e7\u00e3o. O projeto est\u00e1 na pauta da Comiss\u00e3o de Assuntos Econ\u00f4micos do Senado e teve vota\u00e7\u00e3o adiada para a pr\u00f3xima ter\u00e7a-feira (3).<\/p>\n<p><strong>Sopterj<\/strong><br \/>\nDo mesmo modo, a coordenadora da Comiss\u00e3o de Tabagismo da Sociedade de Pneumologia e Tisiologia do Estado do Rio de Janeiro (Sopterj), Alessandra Costa, refor\u00e7ou a necessidade da n\u00e3o legaliza\u00e7\u00e3o dos cigarros eletr\u00f4nicos, com a manuten\u00e7\u00e3o da resolu\u00e7\u00e3o da Anvisa que j\u00e1 regulamenta a mat\u00e9ria. A m\u00e9dica reiterou que a exposi\u00e7\u00e3o ao tabagismo, seja em qualquer forma, pode acarretar rea\u00e7\u00f5es al\u00e9rgicas em curto prazo, como rinite, tosse, conjuntivite, exacerba\u00e7\u00e3o de asma.<\/p>\n<p>A pneumologista destacou que a Organiza\u00e7\u00e3o Mundial da Sa\u00fade (OMS) lan\u00e7ou campanha este ano de preven\u00e7\u00e3o do tabagismo entre os jovens e crian\u00e7as contra os cigarros eletr\u00f4nicos e os vapes. Lembrou que apesar de o cigarro eletr\u00f4nico ser proibido no Brasil, existe uma press\u00e3o muito grande da ind\u00fastria do tabaco para que seja legalizada a produ\u00e7\u00e3o e venda, usando justificativas como maior arrecada\u00e7\u00e3o de impostos para os governos. Alessandra Costa advertiu que v\u00e1rios levantamentos comprovam que os gastos causados pelas doen\u00e7as oriundas do consumo de cigarros s\u00e3o muito maiores do que o lucro que se pode obter com rela\u00e7\u00e3o a impostos gerados pela venda do produto.<\/p>\n<p>\u201cA Sopterj apoia o treinamento de todos os profissionais comprometidos com a educa\u00e7\u00e3o infantil at\u00e9 a universidade. Quanto mais pudermos divulgar todos os males que o fumo dos cigarros eletr\u00f4nicos e os vapes ocasionam, \u00e9 melhor\u201d. Segundo Alessandra, a luta contra os industriais do tabaco \u00e9 dif\u00edcil, tendo em vista o elevado poder aquisitivo do setor.<\/p>\n<p>Em 1989, acrescentou, o Brasil tinha 35% da popula\u00e7\u00e3o fumando e conseguiu reduzir esse \u00edndice para 9,2%, em dados atuais. Infelizmente, com a chegada dos vapes ou cigarros eletr\u00f4nicos, tal como acontece no mundo, s\u00e3o os jovens no Brasil que mais utilizam e experimentam esse tipo de produto. Alessanda assegurou que, como mostram pesquisas feitas no pa\u00eds, ao experimentar esses produtos aumenta em at\u00e9 quatro vezes a chance de esses jovens se tornarem fumantes de cigarros convencionais. Outra quest\u00e3o que preocupa \u00e9 que os cigarros eletr\u00f4nicos causam adoecimento bem mais precoce do que os cigarros convencionais.<\/p>\n<p><strong>Evali<\/strong><br \/>\nEstudo mostra que fumantes de cigarros eletr\u00f4nicos ou vapes t\u00eam c\u00e2ncer diagnosticado 20 anos antes que os fumantes de cigarro convencional. De forma geral, os cigarros eletr\u00f4nicos e convencionais causam os mesmos tipos de doen\u00e7as, sendo que os cigarros eletr\u00f4nicos ou vapes provocam depend\u00eancia qu\u00edmica mais r\u00e1pida e mais intensa do que os cigarros convencionais, causam adoecimento mais precoce com doen\u00e7as cardiovasculares, como acidente vascular cerebral (VC), infarto do mioc\u00e1rdio e v\u00e1rios tipos de c\u00e2ncer.<\/p>\n<p>\u201cEnt\u00e3o, a gente precisa preparar os professores para que esse assunto seja discutido em sala de aula. Que desde os alunos de idades mais tenras, os professores estejam preparados para falar sobre os males dos cigarros eletr\u00f4nicos e vapes com todos esses sabores que s\u00e3o colocados para, exatamente, driblar o gosto desagrad\u00e1vel da nicotina, que \u00e9 mais \u00e1cida e que torna quem utiliza esses produtos dependente mais r\u00e1pido, quando comparado aos cigarros convencionais. Al\u00e9m disso, adoecendo mais precocemente\u201d, completa a especialista.<\/p>\n<p>Ela citou, como exemplo, a Evali (Les\u00e3o Pulmonar Associada ao Uso de Cigarro Eletr\u00f4nico), que \u00e9 uma inj\u00faria aguda pulmonar causada pelos componentes do vape, principalmente um componente oleoso que causa inflama\u00e7\u00e3o intensa no pulm\u00e3o e, na maioria das vezes, irrevers\u00edvel, em que as pessoas precisam ser internadas em unidades de terapia intensiva e submetidas a ventila\u00e7\u00e3o mec\u00e2nica. A m\u00e9dica defendeu as medidas necess\u00e1rias para que o Brasil retome o controle do tabagismo e consiga levar \u00e0 popula\u00e7\u00e3o informa\u00e7\u00f5es sobre os males que esse novo inimigo &#8211; que, na verdade, \u00e9 o cigarro com outros disfarces &#8211; pode provocar, especialmente na camada mais jovem da sociedade. \u201cE que os professores realizem eventos nas escolas demonstrando os perigos de consumir qualquer tipo de cigarro\u201d, insistiu.<\/p>\n","protected":false},"excerpt":{"rendered":"<p>No Dia Nacional de Combate ao Fumo, comemorado nesta quinta-feira (29), a Funda\u00e7\u00e3o do C\u00e2ncer refor\u00e7a o Movimento VapeOFF, contra os cigarros eletr\u00f4nicos, fazendo um apelo \u00e0 popula\u00e7\u00e3o, em especial aos jovens, para que \u201cse liguem na vida e sejam um vapeOFF\u201d. Em parceria com a Anup Social, que integra a Associa\u00e7\u00e3o Nacional das Universidades [&hellip;]<\/p>\n","protected":false},"author":2,"featured_media":335520,"comment_status":"closed","ping_status":"closed","sticky":false,"template":"","format":"standard","meta":{"_acf_changed":false,"footnotes":""},"categories":[161],"tags":[],"class_list":["post-335519","post","type-post","status-publish","format-standard","has-post-thumbnail","hentry","category-quadradinho-em-foco"],"acf":[],"_links":{"self":[{"href":"https:\/\/www.notibras.com\/site\/wp-json\/wp\/v2\/posts\/335519","targetHints":{"allow":["GET"]}}],"collection":[{"href":"https:\/\/www.notibras.com\/site\/wp-json\/wp\/v2\/posts"}],"about":[{"href":"https:\/\/www.notibras.com\/site\/wp-json\/wp\/v2\/types\/post"}],"author":[{"embeddable":true,"href":"https:\/\/www.notibras.com\/site\/wp-json\/wp\/v2\/users\/2"}],"replies":[{"embeddable":true,"href":"https:\/\/www.notibras.com\/site\/wp-json\/wp\/v2\/comments?post=335519"}],"version-history":[{"count":1,"href":"https:\/\/www.notibras.com\/site\/wp-json\/wp\/v2\/posts\/335519\/revisions"}],"predecessor-version":[{"id":335521,"href":"https:\/\/www.notibras.com\/site\/wp-json\/wp\/v2\/posts\/335519\/revisions\/335521"}],"wp:featuredmedia":[{"embeddable":true,"href":"https:\/\/www.notibras.com\/site\/wp-json\/wp\/v2\/media\/335520"}],"wp:attachment":[{"href":"https:\/\/www.notibras.com\/site\/wp-json\/wp\/v2\/media?parent=335519"}],"wp:term":[{"taxonomy":"category","embeddable":true,"href":"https:\/\/www.notibras.com\/site\/wp-json\/wp\/v2\/categories?post=335519"},{"taxonomy":"post_tag","embeddable":true,"href":"https:\/\/www.notibras.com\/site\/wp-json\/wp\/v2\/tags?post=335519"}],"curies":[{"name":"wp","href":"https:\/\/api.w.org\/{rel}","templated":true}]}}