{"id":335542,"date":"2024-08-30T00:32:03","date_gmt":"2024-08-30T03:32:03","guid":{"rendered":"https:\/\/www.notibras.com\/site\/?p=335542"},"modified":"2024-08-30T09:33:30","modified_gmt":"2024-08-30T12:33:30","slug":"feira-de-artesanato-da-torre-de-tv-passa-por-limpeza","status":"publish","type":"post","link":"https:\/\/www.notibras.com\/site\/feira-de-artesanato-da-torre-de-tv-passa-por-limpeza\/","title":{"rendered":"Feira de Artesanato da Torre de TV passa por limpeza"},"content":{"rendered":"<p>A Companhia Urbanizadora da Nova Capital do Brasil (Novacap) realiza a limpeza das \u00e1reas comuns da Feira de Artesanato da Torre de TV. A a\u00e7\u00e3o come\u00e7ou na ter\u00e7a (27) e segue at\u00e9 esta sexta-feira (30), para que o espa\u00e7o esteja preparado para receber trabalhadores e frequentadores no fim de semana.<\/p>\n<p>A limpeza feita pela Novacap come\u00e7ou na ter\u00e7a (27) e vai terminar sexta-feira, deixando o espa\u00e7o pronto para receber trabalhadores e frequentadores no fim de semana| Foto: Kiko Paz\/ Novacap<\/p>\n<p>Foram higienizados os espa\u00e7os comuns de toda \u00e1rea externa dos boxes e da pra\u00e7a de alimenta\u00e7\u00e3o, bem como as cal\u00e7adas e os arredores dos banheiros. Para evitar desperd\u00edcio em meio ao per\u00edodo de seca, a Novacap utiliza \u00e1gua n\u00e3o tratada e impr\u00f3pria para o consumo humano, servindo adequadamente para esse tipo de servi\u00e7o.<\/p>\n<p>Empreendedora no local h\u00e1 35 anos, Nilza Maria da Silva, 57, trabalha com o esposo em uma loja de moda feminina. De acordo com a comerciante, a limpeza garante um ambiente melhor para receber os clientes. \u201cEsse trabalho est\u00e1 deixando o local muito agrad\u00e1vel\u201d, comemora.<\/p>\n<p>Trabalhando em um box familiar aberto pelo pai h\u00e1 cerca de 40 anos, Franciane Martins, 35, tamb\u00e9m comemora o servi\u00e7o. \u201cPrecis\u00e1vamos demais. Esse trabalho reduz o ac\u00famulo de dejetos e elimina os maus odores\u201d, afirma.<\/p>\n<p>Um dos s\u00edmbolos mais emblem\u00e1ticos de Bras\u00edlia, a Torre de TV completou 57 anos em 2024. Nos arredores do monumento, est\u00e1 a feira que mistura tra\u00e7os, temperos e ritmos das regi\u00f5es que comp\u00f5em a identidade da capital federal. O local conta com cerca de 500 expositores, entre artes\u00e3os, artistas pl\u00e1sticos e moveleiros.<\/p>\n","protected":false},"excerpt":{"rendered":"<p>A Companhia Urbanizadora da Nova Capital do Brasil (Novacap) realiza a limpeza das \u00e1reas comuns da Feira de Artesanato da Torre de TV. A a\u00e7\u00e3o come\u00e7ou na ter\u00e7a (27) e segue at\u00e9 esta sexta-feira (30), para que o espa\u00e7o esteja preparado para receber trabalhadores e frequentadores no fim de semana. A limpeza feita pela Novacap [&hellip;]<\/p>\n","protected":false},"author":2,"featured_media":335543,"comment_status":"closed","ping_status":"closed","sticky":false,"template":"","format":"standard","meta":{"_acf_changed":false,"footnotes":""},"categories":[161],"tags":[],"class_list":["post-335542","post","type-post","status-publish","format-standard","has-post-thumbnail","hentry","category-quadradinho-em-foco"],"acf":[],"_links":{"self":[{"href":"https:\/\/www.notibras.com\/site\/wp-json\/wp\/v2\/posts\/335542","targetHints":{"allow":["GET"]}}],"collection":[{"href":"https:\/\/www.notibras.com\/site\/wp-json\/wp\/v2\/posts"}],"about":[{"href":"https:\/\/www.notibras.com\/site\/wp-json\/wp\/v2\/types\/post"}],"author":[{"embeddable":true,"href":"https:\/\/www.notibras.com\/site\/wp-json\/wp\/v2\/users\/2"}],"replies":[{"embeddable":true,"href":"https:\/\/www.notibras.com\/site\/wp-json\/wp\/v2\/comments?post=335542"}],"version-history":[{"count":1,"href":"https:\/\/www.notibras.com\/site\/wp-json\/wp\/v2\/posts\/335542\/revisions"}],"predecessor-version":[{"id":335544,"href":"https:\/\/www.notibras.com\/site\/wp-json\/wp\/v2\/posts\/335542\/revisions\/335544"}],"wp:featuredmedia":[{"embeddable":true,"href":"https:\/\/www.notibras.com\/site\/wp-json\/wp\/v2\/media\/335543"}],"wp:attachment":[{"href":"https:\/\/www.notibras.com\/site\/wp-json\/wp\/v2\/media?parent=335542"}],"wp:term":[{"taxonomy":"category","embeddable":true,"href":"https:\/\/www.notibras.com\/site\/wp-json\/wp\/v2\/categories?post=335542"},{"taxonomy":"post_tag","embeddable":true,"href":"https:\/\/www.notibras.com\/site\/wp-json\/wp\/v2\/tags?post=335542"}],"curies":[{"name":"wp","href":"https:\/\/api.w.org\/{rel}","templated":true}]}}