{"id":335545,"date":"2024-08-30T09:43:53","date_gmt":"2024-08-30T12:43:53","guid":{"rendered":"https:\/\/www.notibras.com\/site\/?p=335545"},"modified":"2024-08-30T09:54:52","modified_gmt":"2024-08-30T12:54:52","slug":"marilu-escreve-a-elias-e-deixa-incognita-no-ar","status":"publish","type":"post","link":"https:\/\/www.notibras.com\/site\/marilu-escreve-a-elias-e-deixa-incognita-no-ar\/","title":{"rendered":"Marilu escreve a Elias e deixa inc\u00f3gnita no ar"},"content":{"rendered":"<p>Rio, 20 de mar\u00e7o de 2024.<\/p>\n<p>Querido Elias.<\/p>\n<p>Poderia come\u00e7ar com desculpas pela demora na resposta da sua carta, mas melhores amigos n\u00e3o precisam dessa hipocrisia. A verdade \u00e9 que ando exausta e, que nem aquela m\u00fasica do Raul Seixas, esperando a morte chegar. Mas eis que me lembro daqueles idos de 1973, quando ele teria comprado o tal Corcel do ano, e eu larguei o grande amor da minha vida e prossegui para Bras\u00edlia neste casamento de fachada.<\/p>\n<p>De domingo at\u00e9 ontem, fiquei s\u00f3 andando com o Marcos, passeando do hospital pra casa, de casa pro hospital. O intestino dele ficou preso de certa maneira, que precisou fazer uns procedimentos. O m\u00e9dico receitou mais fibras e \u00e1gua e, caso precise, de um laxante.<\/p>\n<p>Estou esgotada! Cansada de tanto andar pelos corredores do hospital. Quanto ao Marcos, ou estava sentado na cadeira de rodas ou fazendo for\u00e7a no vaso. Gra\u00e7as a Deus e aos enemas, o Marcos conseguiu fazer o que ningu\u00e9m poderia fazer por ele.<\/p>\n<p>A velhice chegou, meu amigo. Creio que tamb\u00e9m deve ter chegado por a\u00ed, pois temos praticamente a mesma idade. Afinal, somente dois meses e quatro dias nos separam. O seu anivers\u00e1rio, ali\u00e1s, \u00e9 o \u00fanico que consigo me lembrar. Nem os dos meus filhos, nem o do Marcos, que sempre reclama que foi esquecido. Quanto ao meu, s\u00f3 sei porque voc\u00ea me manda mensagem logo cedo.<\/p>\n<p>Quando os filhos s\u00e3o pequenos, parece que a tristeza n\u00e3o tem lugar. Muita coisa para ser pensada, ali\u00e1s, urg\u00eancias cheias de prioridades. No entanto, quando eles batem asas pra fora do ninho e v\u00e3o em busca dos pr\u00f3prios destinos, parece que a melancolia resolve dar as caras.<\/p>\n<p>Hoje me arrependo de ter ficado t\u00e3o acomodada. Fui covarde, eu sei. Todavia, agora \u00e9 tarde ou, talvez, inapropriado tomar a atitude que deveria ter tomado em 1973. Seja como for, sinto que preciso continuar, apesar do cansa\u00e7o que se abate sobre este meu corpo envelhecido.<\/p>\n<p>Mas \u00e9 isso, meu AMIGO ETERNO, estou na \u00e1rea, s\u00f3 que escondidinha.<\/p>\n<p>Beijos da sua AMIGA ETERNA,<\/p>\n<p>Maria L\u00facia.<\/p>\n<p><strong>*Eduardo Mart\u00ednez \u00e9 autor do livro \u201c57 Contos e Cr\u00f4nicas por um Autor muito Velho\u201d.<\/strong><\/p>\n<p>Compre aqui\u00a0<span class=\"x19la9d6 x1fc57z9 x6ikm8r x10wlt62 x19co3pv x1g5zs5t xfibh0p xiy17q3 x1xsqp64 x1lkfr7t xexx8yu x4uap5 x18d9i69 xkhd6sd\"><span class=\"xrtxmta x1bhl96m\"><img decoding=\"async\" class=\"emoji\" role=\"img\" draggable=\"false\" src=\"https:\/\/s.w.org\/images\/core\/emoji\/14.0.0\/svg\/1f447-1f3ff.svg\" alt=\"&#x1f447;&#x1f3ff;\" \/><\/span><\/span><span class=\"x19la9d6 x1fc57z9 x6ikm8r x10wlt62 x19co3pv x1g5zs5t xfibh0p xiy17q3 x1xsqp64 x1lkfr7t xexx8yu x4uap5 x18d9i69 xkhd6sd\"><span class=\"xrtxmta x1bhl96m\"><img decoding=\"async\" class=\"emoji\" role=\"img\" draggable=\"false\" src=\"https:\/\/s.w.org\/images\/core\/emoji\/14.0.0\/svg\/1f447-1f3ff.svg\" alt=\"&#x1f447;&#x1f3ff;\" \/><\/span><\/span><span class=\"x19la9d6 x1fc57z9 x6ikm8r x10wlt62 x19co3pv x1g5zs5t xfibh0p xiy17q3 x1xsqp64 x1lkfr7t xexx8yu x4uap5 x18d9i69 xkhd6sd\"><span class=\"xrtxmta x1bhl96m\"><img decoding=\"async\" class=\"emoji\" role=\"img\" draggable=\"false\" src=\"https:\/\/s.w.org\/images\/core\/emoji\/14.0.0\/svg\/1f447-1f3ff.svg\" alt=\"&#x1f447;&#x1f3ff;\" \/><\/span><\/span><\/p>\n<p><a href=\"http:\/\/www.joanineditora.com.br\/57-contos-e-cronicas-por-um-autor-muito-velho\">http:\/\/www.joanineditora.com.br\/57-contos-e-cronicas-por-um-autor-muito-velho<\/a><\/p>\n","protected":false},"excerpt":{"rendered":"<p>Rio, 20 de mar\u00e7o de 2024. Querido Elias. Poderia come\u00e7ar com desculpas pela demora na resposta da sua carta, mas melhores amigos n\u00e3o precisam dessa hipocrisia. A verdade \u00e9 que ando exausta e, que nem aquela m\u00fasica do Raul Seixas, esperando a morte chegar. Mas eis que me lembro daqueles idos de 1973, quando ele [&hellip;]<\/p>\n","protected":false},"author":2,"featured_media":335546,"comment_status":"closed","ping_status":"closed","sticky":false,"template":"","format":"standard","meta":{"_acf_changed":false,"footnotes":""},"categories":[161],"tags":[],"class_list":["post-335545","post","type-post","status-publish","format-standard","has-post-thumbnail","hentry","category-quadradinho-em-foco"],"acf":[],"_links":{"self":[{"href":"https:\/\/www.notibras.com\/site\/wp-json\/wp\/v2\/posts\/335545","targetHints":{"allow":["GET"]}}],"collection":[{"href":"https:\/\/www.notibras.com\/site\/wp-json\/wp\/v2\/posts"}],"about":[{"href":"https:\/\/www.notibras.com\/site\/wp-json\/wp\/v2\/types\/post"}],"author":[{"embeddable":true,"href":"https:\/\/www.notibras.com\/site\/wp-json\/wp\/v2\/users\/2"}],"replies":[{"embeddable":true,"href":"https:\/\/www.notibras.com\/site\/wp-json\/wp\/v2\/comments?post=335545"}],"version-history":[{"count":2,"href":"https:\/\/www.notibras.com\/site\/wp-json\/wp\/v2\/posts\/335545\/revisions"}],"predecessor-version":[{"id":335551,"href":"https:\/\/www.notibras.com\/site\/wp-json\/wp\/v2\/posts\/335545\/revisions\/335551"}],"wp:featuredmedia":[{"embeddable":true,"href":"https:\/\/www.notibras.com\/site\/wp-json\/wp\/v2\/media\/335546"}],"wp:attachment":[{"href":"https:\/\/www.notibras.com\/site\/wp-json\/wp\/v2\/media?parent=335545"}],"wp:term":[{"taxonomy":"category","embeddable":true,"href":"https:\/\/www.notibras.com\/site\/wp-json\/wp\/v2\/categories?post=335545"},{"taxonomy":"post_tag","embeddable":true,"href":"https:\/\/www.notibras.com\/site\/wp-json\/wp\/v2\/tags?post=335545"}],"curies":[{"name":"wp","href":"https:\/\/api.w.org\/{rel}","templated":true}]}}