{"id":335552,"date":"2024-08-30T09:09:36","date_gmt":"2024-08-30T12:09:36","guid":{"rendered":"https:\/\/www.notibras.com\/site\/?p=335552"},"modified":"2024-08-30T10:11:18","modified_gmt":"2024-08-30T13:11:18","slug":"capital-abre-30-mil-vagas-de-emprego-no-primeiro-semestre","status":"publish","type":"post","link":"https:\/\/www.notibras.com\/site\/capital-abre-30-mil-vagas-de-emprego-no-primeiro-semestre\/","title":{"rendered":"Capital abre 30 mil vagas de emprego no primeiro semestre"},"content":{"rendered":"<p>De janeiro a julho deste ano, o Distrito Federal abriu mais de 30 mil vagas de emprego formais. Foram 30.662 novos postos, n\u00famero 18% maior que o registrado no mesmo per\u00edodo do ano passado \u2014 quando a quantidade foi de 25.936. Os dados constam na s\u00e9rie com ajustes do novo Cadastro Geral de Empregados e Desempregados (Caged), do Minist\u00e9rio do Trabalho e Emprego.<\/p>\n<p>Apenas em julho, foram abertas 2.981 vagas, n\u00famero resultante de 38.171 admiss\u00f5es e 35.190 desligamentos. A quantidade de contrata\u00e7\u00f5es, ali\u00e1s, \u00e9 a maior para o m\u00eas desde que o novo Caged foi institu\u00eddo, em 2020. Com a adi\u00e7\u00e3o, o DF chegou a 998.444 pessoas trabalhando com carteira assinada.<\/p>\n<p>O DF abriu mais de 30 mil vagas de emprego formais de janeiro a julho deste ano; o setor de servi\u00e7os foi o que mais contratou, com 22.444 admiss\u00f5es | Foto: Tony Oliveira\/ Ag\u00eancia Bras\u00edlia<\/p>\n<p>\u201c\u00c9 um compromisso de toda a equipe do governo Ibaneis Rocha; nossa prioridade \u00e9 garantir empregos e oportunidades para todos os cidad\u00e3os. O crescimento no Distrito Federal demonstra que estamos no caminho certo, com investimentos em qualifica\u00e7\u00e3o e apoio ao empreendedorismo. Continuaremos trabalhando para fortalecer a economia e promover inclus\u00e3o social\u201d, enfatizou o secret\u00e1rio de Desenvolvimento Econ\u00f4mico, Trabalho e Renda, Thales Mendes.<\/p>\n<p><strong>Perfil<\/strong><br \/>\nO Governo do Distrito Federal (GDF) investe em programas de qualifica\u00e7\u00e3o profissional para aqueles que buscam uma vaga no mercado de trabalho<\/p>\n<p>Entre as pessoas contratadas em julho, 20.983 s\u00e3o homens (55%) e 17.188 s\u00e3o mulheres (45%); 11.089 (ou 29%) t\u00eam entre 18 e 24 anos, mas houve um n\u00famero expressivo de contratados com mais de 40 anos \u2013 8.967 ou 23,5%. Em rela\u00e7\u00e3o ao n\u00edvel de escolaridade, a maioria (24.074 ou 63%) tem ensino m\u00e9dio completo. O setor de servi\u00e7os foi o que mais contratou, com 22.444 admiss\u00f5es, seguido por com\u00e9rcio (9.638), constru\u00e7\u00e3o (4.010), ind\u00fastria (1.793) e agropecu\u00e1ria (286).<\/p>\n<p>Em todo o pa\u00eds, foram registradas, em julho, 2.187.633 contrata\u00e7\u00f5es e 1.999.612 desligamentos, o que resultou em um saldo de 188.021 novas vagas. O estoque de pessoas com carteira assinada no Brasil \u00e9 de 47.009.489. Na compara\u00e7\u00e3o com outras unidades da Federa\u00e7\u00e3o, o DF se destaca em rela\u00e7\u00e3o ao sal\u00e1rio m\u00e9dio de admiss\u00e3o, que, aqui, \u00e9 de R$ 2.260,58, o maior do Centro-Oeste e o segundo no ranking nacional, atr\u00e1s apenas de S\u00e3o Paulo, onde o valor \u00e9 de R$ 2.466,57.<\/p>\n<p><strong>Est\u00edmulo<\/strong><br \/>\nO Governo do Distrito Federal (GDF) investe em programas de qualifica\u00e7\u00e3o profissional para aqueles que buscam uma vaga no mercado de trabalho. Um deles \u00e9 o Qualifica DF, que promove cursos profissionalizantes gratuitos nas \u00e1reas de agroneg\u00f3cio, com\u00e9rcio, servi\u00e7os, sa\u00fade e inform\u00e1tica.<\/p>\n<p>Outro \u00e9 o RenovaDF, cujo intuito \u00e9 promover a forma\u00e7\u00e3o profissional da popula\u00e7\u00e3o, ao mesmo tempo em que propicia a reforma de espa\u00e7os p\u00fablicos. O programa oferece aux\u00edlio de um sal\u00e1rio m\u00ednimo para os participantes, al\u00e9m de vale-transporte e seguro contra acidentes pessoais. Nele, s\u00e3o abordadas t\u00e9cnicas de alvenaria, carpintaria, el\u00e9trica, hidr\u00e1ulica, jardinagem, paisagismo, pintura, serralheria e seguran\u00e7a no ambiente de trabalho.<\/p>\n<p>Ap\u00f3s a forma\u00e7\u00e3o em qualquer um dos programas, o cidad\u00e3o que est\u00e1 em busca de uma oportunidade \u00e9 encaminhado a uma das 14 ag\u00eancias do trabalhador espalhadas pelo DF.<\/p>\n","protected":false},"excerpt":{"rendered":"<p>De janeiro a julho deste ano, o Distrito Federal abriu mais de 30 mil vagas de emprego formais. Foram 30.662 novos postos, n\u00famero 18% maior que o registrado no mesmo per\u00edodo do ano passado \u2014 quando a quantidade foi de 25.936. Os dados constam na s\u00e9rie com ajustes do novo Cadastro Geral de Empregados e [&hellip;]<\/p>\n","protected":false},"author":2,"featured_media":335553,"comment_status":"closed","ping_status":"closed","sticky":false,"template":"","format":"standard","meta":{"_acf_changed":false,"footnotes":""},"categories":[161],"tags":[],"class_list":["post-335552","post","type-post","status-publish","format-standard","has-post-thumbnail","hentry","category-quadradinho-em-foco"],"acf":[],"_links":{"self":[{"href":"https:\/\/www.notibras.com\/site\/wp-json\/wp\/v2\/posts\/335552","targetHints":{"allow":["GET"]}}],"collection":[{"href":"https:\/\/www.notibras.com\/site\/wp-json\/wp\/v2\/posts"}],"about":[{"href":"https:\/\/www.notibras.com\/site\/wp-json\/wp\/v2\/types\/post"}],"author":[{"embeddable":true,"href":"https:\/\/www.notibras.com\/site\/wp-json\/wp\/v2\/users\/2"}],"replies":[{"embeddable":true,"href":"https:\/\/www.notibras.com\/site\/wp-json\/wp\/v2\/comments?post=335552"}],"version-history":[{"count":1,"href":"https:\/\/www.notibras.com\/site\/wp-json\/wp\/v2\/posts\/335552\/revisions"}],"predecessor-version":[{"id":335554,"href":"https:\/\/www.notibras.com\/site\/wp-json\/wp\/v2\/posts\/335552\/revisions\/335554"}],"wp:featuredmedia":[{"embeddable":true,"href":"https:\/\/www.notibras.com\/site\/wp-json\/wp\/v2\/media\/335553"}],"wp:attachment":[{"href":"https:\/\/www.notibras.com\/site\/wp-json\/wp\/v2\/media?parent=335552"}],"wp:term":[{"taxonomy":"category","embeddable":true,"href":"https:\/\/www.notibras.com\/site\/wp-json\/wp\/v2\/categories?post=335552"},{"taxonomy":"post_tag","embeddable":true,"href":"https:\/\/www.notibras.com\/site\/wp-json\/wp\/v2\/tags?post=335552"}],"curies":[{"name":"wp","href":"https:\/\/api.w.org\/{rel}","templated":true}]}}