{"id":335558,"date":"2024-08-30T00:23:17","date_gmt":"2024-08-30T03:23:17","guid":{"rendered":"https:\/\/www.notibras.com\/site\/?p=335558"},"modified":"2024-08-30T10:25:22","modified_gmt":"2024-08-30T13:25:22","slug":"roberta-gurriti-lanca-obra-com-protagonismo-preto-no-museu-de-artes","status":"publish","type":"post","link":"https:\/\/www.notibras.com\/site\/roberta-gurriti-lanca-obra-com-protagonismo-preto-no-museu-de-artes\/","title":{"rendered":"Roberta Gurriti lan\u00e7a obra com protagonismo preto no Museu de Artes"},"content":{"rendered":"<p>Neste s\u00e1bado (31), a autora Roberta Gurriti recebe o p\u00fablico para o lan\u00e7amento de Entrevistando Voc\u00ea, a partir das 14h. A tarde de aut\u00f3grafos acontecer\u00e1 no Museu de Artes da Bahia (MAB), em evento aberto.<br \/>\nNa obra, a escritora baiana retrata um acontecimento in\u00e9dito na ind\u00fastria cinematogr\u00e1fica: o Oscar ser\u00e1 realizado em Salvador, a cidade mais preta do mundo fora da \u00c1frica.<\/p>\n<p>Com esta com\u00e9dia rom\u00e2ntica, publicada pela Qualis Editora, o leitor conhece Naomi, uma jornalista que sonha em trabalhar com cultura pop, e Benjamin Ayo Kal, um astro de cinema cheio de mist\u00e9rios. Al\u00e9m de uma narrativa divertida, Roberta traz discuss\u00f5es sobre a valoriza\u00e7\u00e3o de profissionais negros em frente \u00e0s c\u00e2meras \u2013 no jornalismo e no cinema.<\/p>\n<p><strong>Servi\u00e7o:<\/strong><br \/>\nLan\u00e7amento de \u201cEntrevistando Voc\u00ea\u201d<br \/>\nData: 31\/08<br \/>\nHor\u00e1rio: 14h<br \/>\nLocal: MAB \u2013 Museu de Artes da Bahia<br \/>\nEntrada: Franca<\/p>\n<p><strong>Sobre a autora<\/strong><br \/>\nRoberta Gurriti \u00e9 baiana, nascida em Salvador\/Bahia e \u00e9 graduanda de jornalismo pela UNIFTC. Autora desde os 14 anos, suas primeiras publica\u00e7\u00f5es foram no Wattpad. Em 2022, voltou a escrever e idealizou uma antologia de Natal chamada \u201c6 Desejos de Natal\u201d, que conta com 6 hist\u00f3rias de autores pretos, recebendo boas cr\u00edticas da m\u00eddia especializada. Tamb\u00e9m \u00e9 colunista da Capricho, redatora de sites de entretenimento e cultura pop, e criadora de conte\u00fado no @thegurriti. Em 2023, idealizou o Squad de Creators Pretos de Literatura e Entretenimento, onde trabalha agenciando criadores de conte\u00fado pretos.<\/p>\n","protected":false},"excerpt":{"rendered":"<p>Neste s\u00e1bado (31), a autora Roberta Gurriti recebe o p\u00fablico para o lan\u00e7amento de Entrevistando Voc\u00ea, a partir das 14h. A tarde de aut\u00f3grafos acontecer\u00e1 no Museu de Artes da Bahia (MAB), em evento aberto. Na obra, a escritora baiana retrata um acontecimento in\u00e9dito na ind\u00fastria cinematogr\u00e1fica: o Oscar ser\u00e1 realizado em Salvador, a cidade [&hellip;]<\/p>\n","protected":false},"author":2,"featured_media":335559,"comment_status":"closed","ping_status":"closed","sticky":false,"template":"","format":"standard","meta":{"_acf_changed":false,"footnotes":""},"categories":[165],"tags":[],"class_list":["post-335558","post","type-post","status-publish","format-standard","has-post-thumbnail","hentry","category-nordeste"],"acf":[],"_links":{"self":[{"href":"https:\/\/www.notibras.com\/site\/wp-json\/wp\/v2\/posts\/335558","targetHints":{"allow":["GET"]}}],"collection":[{"href":"https:\/\/www.notibras.com\/site\/wp-json\/wp\/v2\/posts"}],"about":[{"href":"https:\/\/www.notibras.com\/site\/wp-json\/wp\/v2\/types\/post"}],"author":[{"embeddable":true,"href":"https:\/\/www.notibras.com\/site\/wp-json\/wp\/v2\/users\/2"}],"replies":[{"embeddable":true,"href":"https:\/\/www.notibras.com\/site\/wp-json\/wp\/v2\/comments?post=335558"}],"version-history":[{"count":1,"href":"https:\/\/www.notibras.com\/site\/wp-json\/wp\/v2\/posts\/335558\/revisions"}],"predecessor-version":[{"id":335560,"href":"https:\/\/www.notibras.com\/site\/wp-json\/wp\/v2\/posts\/335558\/revisions\/335560"}],"wp:featuredmedia":[{"embeddable":true,"href":"https:\/\/www.notibras.com\/site\/wp-json\/wp\/v2\/media\/335559"}],"wp:attachment":[{"href":"https:\/\/www.notibras.com\/site\/wp-json\/wp\/v2\/media?parent=335558"}],"wp:term":[{"taxonomy":"category","embeddable":true,"href":"https:\/\/www.notibras.com\/site\/wp-json\/wp\/v2\/categories?post=335558"},{"taxonomy":"post_tag","embeddable":true,"href":"https:\/\/www.notibras.com\/site\/wp-json\/wp\/v2\/tags?post=335558"}],"curies":[{"name":"wp","href":"https:\/\/api.w.org\/{rel}","templated":true}]}}