{"id":335567,"date":"2024-08-30T15:05:59","date_gmt":"2024-08-30T18:05:59","guid":{"rendered":"https:\/\/www.notibras.com\/site\/?p=335567"},"modified":"2024-08-30T15:39:49","modified_gmt":"2024-08-30T18:39:49","slug":"teto-de-santuario-cai-mata-duas-pessoas-e-fere-dezenas-em-recife","status":"publish","type":"post","link":"https:\/\/www.notibras.com\/site\/teto-de-santuario-cai-mata-duas-pessoas-e-fere-dezenas-em-recife\/","title":{"rendered":"Teto de santu\u00e1rio cai, mata duas pessoas e fere dezenas em Recife"},"content":{"rendered":"<p>O teto do Santu\u00e1rio do Morro da Concei\u00e7\u00e3o, localizado na Zona Norte do Recife, desabou no in\u00edcio da tarde desta sexta-feira, 30. Havia muita movimenta\u00e7\u00e3o de pessoas em evento de distribui\u00e7\u00e3o de cestas b\u00e1sicas. O incidente resultou na morte de duas pessoas. A queda do teto ocorreu enquanto volunt\u00e1rios e pessoas beneficiadas participavam da distribui\u00e7\u00e3o, causando forte como\u00e7\u00e3o e impacto na comunidade local.<\/p>\n<p>O incidente chocou a comunidade local, que h\u00e1 muito tempo utiliza o santu\u00e1rio como ponto de apoio e encontro. As v\u00edtimas, cujas identidades ainda n\u00e3o foram divulgadas, foram imediatamente socorridas, mas n\u00e3o resistiram aos ferimentos. H\u00e1 dezenas de feridos.<\/p>\n<p>Equipes de resgate e emerg\u00eancia foram acionadas para prestar socorro e investigar as causas do desabamento. A prefeitura informou que j\u00e1 est\u00e1 realizando uma avalia\u00e7\u00e3o estrutural completa do pr\u00e9dio para entender o que provocou o colapso e prevenir futuros acidentes.<\/p>\n<p>Moradores da regi\u00e3o e frequentadores do santu\u00e1rio lamentam profundamente a trag\u00e9dia, que marca um dia de luto para a comunidade religiosa e para toda a cidade do Recife.<\/p>\n","protected":false},"excerpt":{"rendered":"<p>O teto do Santu\u00e1rio do Morro da Concei\u00e7\u00e3o, localizado na Zona Norte do Recife, desabou no in\u00edcio da tarde desta sexta-feira, 30. Havia muita movimenta\u00e7\u00e3o de pessoas em evento de distribui\u00e7\u00e3o de cestas b\u00e1sicas. O incidente resultou na morte de duas pessoas. A queda do teto ocorreu enquanto volunt\u00e1rios e pessoas beneficiadas participavam da distribui\u00e7\u00e3o, [&hellip;]<\/p>\n","protected":false},"author":2,"featured_media":335568,"comment_status":"closed","ping_status":"closed","sticky":false,"template":"","format":"standard","meta":{"_acf_changed":false,"footnotes":""},"categories":[165],"tags":[95],"class_list":["post-335567","post","type-post","status-publish","format-standard","has-post-thumbnail","hentry","category-nordeste","tag-capa"],"acf":[],"_links":{"self":[{"href":"https:\/\/www.notibras.com\/site\/wp-json\/wp\/v2\/posts\/335567","targetHints":{"allow":["GET"]}}],"collection":[{"href":"https:\/\/www.notibras.com\/site\/wp-json\/wp\/v2\/posts"}],"about":[{"href":"https:\/\/www.notibras.com\/site\/wp-json\/wp\/v2\/types\/post"}],"author":[{"embeddable":true,"href":"https:\/\/www.notibras.com\/site\/wp-json\/wp\/v2\/users\/2"}],"replies":[{"embeddable":true,"href":"https:\/\/www.notibras.com\/site\/wp-json\/wp\/v2\/comments?post=335567"}],"version-history":[{"count":2,"href":"https:\/\/www.notibras.com\/site\/wp-json\/wp\/v2\/posts\/335567\/revisions"}],"predecessor-version":[{"id":335570,"href":"https:\/\/www.notibras.com\/site\/wp-json\/wp\/v2\/posts\/335567\/revisions\/335570"}],"wp:featuredmedia":[{"embeddable":true,"href":"https:\/\/www.notibras.com\/site\/wp-json\/wp\/v2\/media\/335568"}],"wp:attachment":[{"href":"https:\/\/www.notibras.com\/site\/wp-json\/wp\/v2\/media?parent=335567"}],"wp:term":[{"taxonomy":"category","embeddable":true,"href":"https:\/\/www.notibras.com\/site\/wp-json\/wp\/v2\/categories?post=335567"},{"taxonomy":"post_tag","embeddable":true,"href":"https:\/\/www.notibras.com\/site\/wp-json\/wp\/v2\/tags?post=335567"}],"curies":[{"name":"wp","href":"https:\/\/api.w.org\/{rel}","templated":true}]}}