{"id":335609,"date":"2024-08-31T00:00:03","date_gmt":"2024-08-31T03:00:03","guid":{"rendered":"https:\/\/www.notibras.com\/site\/?p=335609"},"modified":"2024-08-31T04:43:01","modified_gmt":"2024-08-31T07:43:01","slug":"presidente-diz-em-joao-pessoa-que-pais-vive-momento-excepcional","status":"publish","type":"post","link":"https:\/\/www.notibras.com\/site\/presidente-diz-em-joao-pessoa-que-pais-vive-momento-excepcional\/","title":{"rendered":"Presidente diz em Jo\u00e3o Pessoa que pa\u00eds vive momento excepcional"},"content":{"rendered":"<p>O presidente Luiz In\u00e1cio Lula da Silva afirmou nesta sexta-feira (30) que o Brasil vive um momento \u201cexcepcional\u201d com o crescimento econ\u00f4mico. Em viagem \u00e0 Para\u00edba, Lula defendeu a sua gest\u00e3o, afirmando que o pa\u00eds voltou a abrir novos mercados exportadores e recuperar credibilidade. \u201cEsse pa\u00eds merece uma chance. Estamos vivendo um bom momento, o pa\u00eds est\u00e1 crescendo\u201d, disse o presidente.<\/p>\n<p>\u201cEsse momento do Brasil \u00e9 excepcional. A gente recuperou a nossa credibilidade internacional. Foram abertos 180 novos mercados para exportar os produtos brasileiros em 18 meses\u201d, disse o presidente ao anunciar, no Centro de Conven\u00e7\u00f5es de Jo\u00e3o Pessoa, investimentos federais no estado voltados a novas modalidades do Minha Casa, Minha Vida (MCMV), ao Novo Programa de Acelera\u00e7\u00e3o do Crescimento (Novo PAC) e investimentos de R$ 143,9 milh\u00f5es para a expans\u00e3o do Instituto Federal da Para\u00edba (IFPB).<\/p>\n<p>No caso do MCMV, est\u00e3o previstas as primeiras contrata\u00e7\u00f5es das modalidades rural e entidades. Presente na cerim\u00f4nia, o ministro das Cidades, Jader Filho, adiantou que est\u00e1 prevista a contrata\u00e7\u00e3o de mais 584 unidades habitacionais para o programa habitacional, e a sele\u00e7\u00e3o de 234 unidades para a modalidade rural. Ele informou que o programa ser\u00e1 refor\u00e7ado pelo projeto Retrofit, que vai transformar im\u00f3veis abandonados ou sem uso em unidades do MCMV.<\/p>\n<p>\u201cEm vez de o im\u00f3vel ficar parado, vamos transform\u00e1-los em 50 im\u00f3veis do MCMV para ajudar o povo da Para\u00edba\u201d, disse o ministro.<\/p>\n<p>O governo federal anunciou tamb\u00e9m a revitaliza\u00e7\u00e3o do edif\u00edcio do INSS no centro hist\u00f3rico da capital paraibana e divulgou a sele\u00e7\u00e3o de novas unidades habitacionais do Pr\u00f3-Moradia para atender comunidades ciganas, ind\u00edgenas e fam\u00edlias em \u00e1reas de risco.<\/p>\n<p>Com rela\u00e7\u00e3o ao Novo PAC, os an\u00fancios abrangem a regulariza\u00e7\u00e3o fundi\u00e1ria que atender\u00e1 cerca de 2,7 mil fam\u00edlias da comunidade de Aratu.<\/p>\n<p>Mais cedo, o presidente Lula inaugurou mais uma etapa de obras da transposi\u00e7\u00e3o do Rio S\u00e3o Francisco, que garantir\u00e1 a sustentabilidade h\u00eddrica de mais 39 munic\u00edpios no estado, alcan\u00e7ando cerca de 680 mil pessoas.<\/p>\n<p>Essa etapa \u00e9 considerada a maior obra h\u00eddrica da Para\u00edba e a segunda maior do Nordeste, garantindo \u201cqualidade de vida, emprego e renda para o meio rural\u201d, segundo o Planalto.<\/p>\n","protected":false},"excerpt":{"rendered":"<p>O presidente Luiz In\u00e1cio Lula da Silva afirmou nesta sexta-feira (30) que o Brasil vive um momento \u201cexcepcional\u201d com o crescimento econ\u00f4mico. Em viagem \u00e0 Para\u00edba, Lula defendeu a sua gest\u00e3o, afirmando que o pa\u00eds voltou a abrir novos mercados exportadores e recuperar credibilidade. \u201cEsse pa\u00eds merece uma chance. Estamos vivendo um bom momento, o [&hellip;]<\/p>\n","protected":false},"author":2,"featured_media":335610,"comment_status":"closed","ping_status":"closed","sticky":false,"template":"","format":"standard","meta":{"_acf_changed":false,"footnotes":""},"categories":[165],"tags":[],"class_list":["post-335609","post","type-post","status-publish","format-standard","has-post-thumbnail","hentry","category-nordeste"],"acf":[],"_links":{"self":[{"href":"https:\/\/www.notibras.com\/site\/wp-json\/wp\/v2\/posts\/335609","targetHints":{"allow":["GET"]}}],"collection":[{"href":"https:\/\/www.notibras.com\/site\/wp-json\/wp\/v2\/posts"}],"about":[{"href":"https:\/\/www.notibras.com\/site\/wp-json\/wp\/v2\/types\/post"}],"author":[{"embeddable":true,"href":"https:\/\/www.notibras.com\/site\/wp-json\/wp\/v2\/users\/2"}],"replies":[{"embeddable":true,"href":"https:\/\/www.notibras.com\/site\/wp-json\/wp\/v2\/comments?post=335609"}],"version-history":[{"count":1,"href":"https:\/\/www.notibras.com\/site\/wp-json\/wp\/v2\/posts\/335609\/revisions"}],"predecessor-version":[{"id":335611,"href":"https:\/\/www.notibras.com\/site\/wp-json\/wp\/v2\/posts\/335609\/revisions\/335611"}],"wp:featuredmedia":[{"embeddable":true,"href":"https:\/\/www.notibras.com\/site\/wp-json\/wp\/v2\/media\/335610"}],"wp:attachment":[{"href":"https:\/\/www.notibras.com\/site\/wp-json\/wp\/v2\/media?parent=335609"}],"wp:term":[{"taxonomy":"category","embeddable":true,"href":"https:\/\/www.notibras.com\/site\/wp-json\/wp\/v2\/categories?post=335609"},{"taxonomy":"post_tag","embeddable":true,"href":"https:\/\/www.notibras.com\/site\/wp-json\/wp\/v2\/tags?post=335609"}],"curies":[{"name":"wp","href":"https:\/\/api.w.org\/{rel}","templated":true}]}}