{"id":335618,"date":"2024-08-31T00:00:40","date_gmt":"2024-08-31T03:00:40","guid":{"rendered":"https:\/\/www.notibras.com\/site\/?p=335618"},"modified":"2024-08-31T05:01:48","modified_gmt":"2024-08-31T08:01:48","slug":"policia-da-uma-geral-para-acabar-com-pcc-na-capital-da-republica","status":"publish","type":"post","link":"https:\/\/www.notibras.com\/site\/policia-da-uma-geral-para-acabar-com-pcc-na-capital-da-republica\/","title":{"rendered":"Pol\u00edcia d\u00e1 uma geral para acabar com PCC na capital da Rep\u00fablica"},"content":{"rendered":"<p>A Pol\u00edcia Civil deflagrou nesta sexta-feira (30), a terceira fase da Opera\u00e7\u00e3o Satura\u00e7\u00e3o. Foram cumpridos 90 mandados judiciais \u201cem desfavor de integrantes de uma organiza\u00e7\u00e3o criminosa (PCC) que tenta se fortalecer no Distrito Federal\u201d.<\/p>\n<p>Segundo os policiais, \u201co objetivo central desta fase \u00e9 a desarticula\u00e7\u00e3o de uma fac\u00e7\u00e3o criminosa de alcance nacional por meio do cumprimento de 47 mandados de pris\u00e3o tempor\u00e1ria em desfavor de suspeitos que se encontram nas ruas ou recolhidos ao sistema prisional do Distrito Federal\u201d.<\/p>\n<p>Tamb\u00e9m foram cumpridos 43 mandados de busca e apreens\u00e3o, parte deles em celas de pres\u00eddios, incluindo o Centro de Deten\u00e7\u00e3o Provis\u00f3ria (CDP), Penitenci\u00e1rias do Distrito Federal (PDF1, PDF2 e PDF4), Centro de Internamento e Reeduca\u00e7\u00e3o (CIR) e a Penitenci\u00e1ria Feminina (PFDF).<\/p>\n<p>Outros mandados de busca e apreens\u00e3o foram executados em endere\u00e7os residenciais de integrantes do PCC em Planaltina, Riacho Fundo II, S\u00e3o Sebasti\u00e3o, Guar\u00e1, Sobradinho, Sobradinho II, Recanto das Emas, Ceil\u00e2ndia, Itapo\u00e3 e Cidade Estrutural, al\u00e9m dos munic\u00edpios de \u00c1guas Lindas (GO), Novo Gama (GO), Luzi\u00e2nia (GO) e Mogi das Cruzes (SP).<\/p>\n<p><strong>Atividades il\u00edcitas<\/strong><br \/>\n\u201cAs investiga\u00e7\u00f5es revelaram que os integrantes da organiza\u00e7\u00e3o criminosa estavam envolvidos em atividades il\u00edcitas como tr\u00e1fico de drogas, crimes patrimoniais e crimes violentos, al\u00e9m do recrutamento de novos membros com o objetivo de fortalecer a estrutura da organiza\u00e7\u00e3o e expandir suas opera\u00e7\u00f5es na capital federal.\u201d<\/p>\n<p>Ainda de acordo com a corpora\u00e7\u00e3o, os investigados podem responder por crimes que tratam da promo\u00e7\u00e3o, da constitui\u00e7\u00e3o, do financiamento e da integra\u00e7\u00e3o em organiza\u00e7\u00e3o criminosa. \u201cAs penas podem ser agravadas, podendo superar os 13 anos de reclus\u00e3o\u201d, diz a pol\u00edcia.<\/p>\n<p>Acrescenta que a terceira fase da opera\u00e7\u00e3o representa \u201cum marco estrat\u00e9gico\u201d na repress\u00e3o ao crime organizado, al\u00e9m de \u201cesfor\u00e7o fundamental\u201d para conter o avan\u00e7o e o estabelecimento desse tipo de organiza\u00e7\u00e3o criminosa no Distrito Federal.<\/p>\n<p>\u201cAs a\u00e7\u00f5es investigativas visam a desarticula\u00e7\u00e3o de suas atividades il\u00edcitas e a neutraliza\u00e7\u00e3o de membros que desempenham fun\u00e7\u00f5es-chave com o prop\u00f3sito de desmantelar completamente suas estruturas na regi\u00e3o\u201d, concluiu a nota.<\/p>\n","protected":false},"excerpt":{"rendered":"<p>A Pol\u00edcia Civil deflagrou nesta sexta-feira (30), a terceira fase da Opera\u00e7\u00e3o Satura\u00e7\u00e3o. Foram cumpridos 90 mandados judiciais \u201cem desfavor de integrantes de uma organiza\u00e7\u00e3o criminosa (PCC) que tenta se fortalecer no Distrito Federal\u201d. Segundo os policiais, \u201co objetivo central desta fase \u00e9 a desarticula\u00e7\u00e3o de uma fac\u00e7\u00e3o criminosa de alcance nacional por meio do [&hellip;]<\/p>\n","protected":false},"author":2,"featured_media":335619,"comment_status":"closed","ping_status":"closed","sticky":false,"template":"","format":"standard","meta":{"_acf_changed":false,"footnotes":""},"categories":[161],"tags":[],"class_list":["post-335618","post","type-post","status-publish","format-standard","has-post-thumbnail","hentry","category-quadradinho-em-foco"],"acf":[],"_links":{"self":[{"href":"https:\/\/www.notibras.com\/site\/wp-json\/wp\/v2\/posts\/335618","targetHints":{"allow":["GET"]}}],"collection":[{"href":"https:\/\/www.notibras.com\/site\/wp-json\/wp\/v2\/posts"}],"about":[{"href":"https:\/\/www.notibras.com\/site\/wp-json\/wp\/v2\/types\/post"}],"author":[{"embeddable":true,"href":"https:\/\/www.notibras.com\/site\/wp-json\/wp\/v2\/users\/2"}],"replies":[{"embeddable":true,"href":"https:\/\/www.notibras.com\/site\/wp-json\/wp\/v2\/comments?post=335618"}],"version-history":[{"count":1,"href":"https:\/\/www.notibras.com\/site\/wp-json\/wp\/v2\/posts\/335618\/revisions"}],"predecessor-version":[{"id":335620,"href":"https:\/\/www.notibras.com\/site\/wp-json\/wp\/v2\/posts\/335618\/revisions\/335620"}],"wp:featuredmedia":[{"embeddable":true,"href":"https:\/\/www.notibras.com\/site\/wp-json\/wp\/v2\/media\/335619"}],"wp:attachment":[{"href":"https:\/\/www.notibras.com\/site\/wp-json\/wp\/v2\/media?parent=335618"}],"wp:term":[{"taxonomy":"category","embeddable":true,"href":"https:\/\/www.notibras.com\/site\/wp-json\/wp\/v2\/categories?post=335618"},{"taxonomy":"post_tag","embeddable":true,"href":"https:\/\/www.notibras.com\/site\/wp-json\/wp\/v2\/tags?post=335618"}],"curies":[{"name":"wp","href":"https:\/\/api.w.org\/{rel}","templated":true}]}}