{"id":335621,"date":"2024-08-31T05:08:17","date_gmt":"2024-08-31T08:08:17","guid":{"rendered":"https:\/\/www.notibras.com\/site\/?p=335621"},"modified":"2024-08-31T05:08:17","modified_gmt":"2024-08-31T08:08:17","slug":"mes-do-cerrado-sera-marcado-por-vasta-programacao","status":"publish","type":"post","link":"https:\/\/www.notibras.com\/site\/mes-do-cerrado-sera-marcado-por-vasta-programacao\/","title":{"rendered":"M\u00eas do Cerrado ser\u00e1 marcado por vasta programa\u00e7\u00e3o"},"content":{"rendered":"<p>Neste m\u00eas de setembro, em que se comemora o Dia Nacional do Cerrado (11), o Instituto Bras\u00edlia Ambiental estar\u00e1 envolvido em extensa programa\u00e7\u00e3o com atividades voltadas a valoriza\u00e7\u00e3o deste bioma que representa cerca de 22% do territ\u00f3rio nacional, e \u00e9 o segundo maior do Brasil, depois da Amaz\u00f4nia.<\/p>\n<p>O presidente da autarquia, R\u00f4ney Nemer, destaca a import\u00e2ncia da realiza\u00e7\u00e3o de v\u00e1rias atividades que tragam \u00e0 pauta os desafios do Cerrado e compartilhem com a popula\u00e7\u00e3o a import\u00e2ncia deste bioma. \u201cO Cerrado \u00e9 conhecido como Ber\u00e7o das \u00c1guas e \u00e9 respons\u00e1vel por dar origem as nascentes das grandes bacias brasileiras. O bioma \u00e9 tamb\u00e9m conhecido como savana brasileira e se faz presente em 12 estados e no nosso Distrito Federal\u201d, lembra.<\/p>\n<p>A programa\u00e7\u00e3o do m\u00eas de Cerrado ser\u00e1 realizada por meio de parcerias com outros \u00f3rg\u00e3os governamentais e tamb\u00e9m a sociedade civil organizada. Ser\u00e1 voltada para estudantes e a sociedade em geral e ocorrer\u00e1 em v\u00e1rios parques e Unidades de Conserva\u00e7\u00e3o administradas pelo Instituto. Segue a programa\u00e7\u00e3o:<\/p>\n<p><strong>31\/8 a 21\/9<\/strong><br \/>\nToca liter\u00e1ria do Cerrado \u2013 Parque Ecol\u00f3gico do Riacho Fundo (Lan\u00e7amento oficial dia 11\/9 pela manh\u00e3)<br \/>\nOrganiza\u00e7\u00e3o: Bras\u00edlia Ambiental e Toca liter\u00e1ria do Cerrado<br \/>\nP\u00fablico: Estudantes do Programa Parque Educador e de escolas do Riacho Fundo<br \/>\nHor\u00e1rio: Manh\u00e3<\/p>\n<p><strong>9\/9<\/strong><br \/>\nAtendimento Centro ED Prof. Carlos Motta<br \/>\nLocal: Centro Educacional Prof. Carlos Motta \u2013 Sobradinho<br \/>\nOrganiza\u00e7\u00e3o: Bras\u00edlia Ambiental<br \/>\nP\u00fablico: 80 estudantes<br \/>\nHor\u00e1rio: Manh\u00e3<\/p>\n<p><strong>10\/9<\/strong><br \/>\nEncontro de Educadores Ambientais da Secretaria de Educa\u00e7\u00e3o (SEEDF)<br \/>\nLocal: Escola da Natureza<br \/>\nOrganiza\u00e7\u00e3o: Escola da Natureza \u2013 SEEDF<br \/>\nP\u00fablico: Professores da SEEDF<br \/>\nHor\u00e1rio: Manh\u00e3 e tarde<\/p>\n<p><strong>11\/9<\/strong><br \/>\nParticipa\u00e7\u00e3o no F\u00f3rum Permanente de Educa\u00e7\u00e3o Ambiental da SEEDF<br \/>\nLocal: Shopping ID, sede da SEEDF<br \/>\nOrganiza\u00e7\u00e3o: SEEDF<br \/>\nP\u00fablico: Professores da SEEDF<br \/>\nHor\u00e1rio: Manh\u00e3 e tarde<\/p>\n<p><strong>12\/9<\/strong><br \/>\nQuinta feira \u2013 Evento de estreia dos v\u00eddeos do Parque Educador Digital<br \/>\nLocal: Monumento Natural Dom Bosco<br \/>\nOrganiza\u00e7\u00e3o: Bras\u00edlia Ambiental e SEMA<br \/>\nP\u00fablico: Estudantes do Programa Parque Educador<br \/>\nHor\u00e1rio: Manh\u00e3 e tarde<\/p>\n<p><strong>13\/9<\/strong><br \/>\nAtendimento do Centro de Ensino Fundamental (CEF) Bonsucesso<br \/>\nLocal: Esecae<br \/>\nOrganiza\u00e7\u00e3o: Bras\u00edlia Ambiental<br \/>\nP\u00fablico: 40 estudantes do 2\u00ba Ano do fundamental<br \/>\nHor\u00e1rio: Manh\u00e3<\/p>\n","protected":false},"excerpt":{"rendered":"<p>Neste m\u00eas de setembro, em que se comemora o Dia Nacional do Cerrado (11), o Instituto Bras\u00edlia Ambiental estar\u00e1 envolvido em extensa programa\u00e7\u00e3o com atividades voltadas a valoriza\u00e7\u00e3o deste bioma que representa cerca de 22% do territ\u00f3rio nacional, e \u00e9 o segundo maior do Brasil, depois da Amaz\u00f4nia. O presidente da autarquia, R\u00f4ney Nemer, destaca [&hellip;]<\/p>\n","protected":false},"author":2,"featured_media":335622,"comment_status":"closed","ping_status":"closed","sticky":false,"template":"","format":"standard","meta":{"_acf_changed":false,"footnotes":""},"categories":[161],"tags":[],"class_list":["post-335621","post","type-post","status-publish","format-standard","has-post-thumbnail","hentry","category-quadradinho-em-foco"],"acf":[],"_links":{"self":[{"href":"https:\/\/www.notibras.com\/site\/wp-json\/wp\/v2\/posts\/335621","targetHints":{"allow":["GET"]}}],"collection":[{"href":"https:\/\/www.notibras.com\/site\/wp-json\/wp\/v2\/posts"}],"about":[{"href":"https:\/\/www.notibras.com\/site\/wp-json\/wp\/v2\/types\/post"}],"author":[{"embeddable":true,"href":"https:\/\/www.notibras.com\/site\/wp-json\/wp\/v2\/users\/2"}],"replies":[{"embeddable":true,"href":"https:\/\/www.notibras.com\/site\/wp-json\/wp\/v2\/comments?post=335621"}],"version-history":[{"count":1,"href":"https:\/\/www.notibras.com\/site\/wp-json\/wp\/v2\/posts\/335621\/revisions"}],"predecessor-version":[{"id":335623,"href":"https:\/\/www.notibras.com\/site\/wp-json\/wp\/v2\/posts\/335621\/revisions\/335623"}],"wp:featuredmedia":[{"embeddable":true,"href":"https:\/\/www.notibras.com\/site\/wp-json\/wp\/v2\/media\/335622"}],"wp:attachment":[{"href":"https:\/\/www.notibras.com\/site\/wp-json\/wp\/v2\/media?parent=335621"}],"wp:term":[{"taxonomy":"category","embeddable":true,"href":"https:\/\/www.notibras.com\/site\/wp-json\/wp\/v2\/categories?post=335621"},{"taxonomy":"post_tag","embeddable":true,"href":"https:\/\/www.notibras.com\/site\/wp-json\/wp\/v2\/tags?post=335621"}],"curies":[{"name":"wp","href":"https:\/\/api.w.org\/{rel}","templated":true}]}}