{"id":335624,"date":"2024-08-31T00:01:18","date_gmt":"2024-08-31T03:01:18","guid":{"rendered":"https:\/\/www.notibras.com\/site\/?p=335624"},"modified":"2024-08-31T05:15:00","modified_gmt":"2024-08-31T08:15:00","slug":"expansao-da-marginal-da-df-001-melhora-acesso-e-impulsiona-comercio","status":"publish","type":"post","link":"https:\/\/www.notibras.com\/site\/expansao-da-marginal-da-df-001-melhora-acesso-e-impulsiona-comercio\/","title":{"rendered":"Expans\u00e3o da marginal da DF-001 melhora acesso e impulsiona com\u00e9rcio"},"content":{"rendered":"<p>O Governo do Distrito Federal investe em mais uma obra para facilitar o acesso a com\u00e9rcios e impulsionar a economia local no Jardim Bot\u00e2nico. As equipes do Departamento de Estradas de Rodagem (DER-DF) trabalham nos servi\u00e7os de prolongamento da marginal da DF-001, na altura do Polo de Artesanato da regi\u00e3o. Para aumentar a via auxiliar por mais 1,3 km de extens\u00e3o, o governo alocou cerca de R$ 1,5 milh\u00e3o.<\/p>\n<p>Na obra de expans\u00e3o da marginal, foi constru\u00edda pista de rolamento, estacionamentos e uma faixa de acelera\u00e7\u00e3o que se conecta \u00e0 DF-001, facilitando o acesso aos estabelecimentos do local. Nos pr\u00f3ximos dias, ser\u00e1 iniciada a \u00faltima etapa dos servi\u00e7os, com aplica\u00e7\u00e3o da massa asf\u00e1ltica e realiza\u00e7\u00e3o de trabalhos complementares, como sinaliza\u00e7\u00e3o, instala\u00e7\u00e3o de meios-fios e bocas de lobo.<\/p>\n<p>De acordo com o engenheiro e chefe do 2\u00ba Distrito Rodovi\u00e1rio do DER, Geraldo Jacinto, a obra foi projetada para atender especificamente \u00e0s necessidades dos quiosques e com\u00e9rcios na regi\u00e3o. \u201cEsse acesso \u00e9 essencial para garantir a seguran\u00e7a dos motoristas e clientes, evitando paradas irregulares no acostamento. Com a via mais prolongada, mais quiosques poder\u00e3o ser instalados nos arredores da marginal\u201d, explica.<\/p>\n<p>Entre os beneficiados com a obra de infraestrutura est\u00e1 Welington J\u00fanior, de 47 anos. Ele \u00e9 gerente de uma das lojas localizadas ao longo da nova via. \u201cAntes, n\u00e3o tinha como chegar diretamente at\u00e9 aqui. Era necess\u00e1rio entrar por tr\u00e1s, em uma estrada de terra, enfrentando muita poeira e lama, o que tornava o trajeto desconfort\u00e1vel para os clientes e funcion\u00e1rios que faziam a descarga de materiais\u201d, explica o comerciante.<\/p>\n<p>A expectativa \u00e9 alta para que haja um aumento nas vendas, j\u00e1 que a facilidade de acesso deve atrair mais clientes para a regi\u00e3o. \u201cTemos aproximadamente oito ve\u00edculos de pequeno e grande porte, ent\u00e3o, a pavimenta\u00e7\u00e3o e o estacionamento s\u00e3o muito bem-vindos para n\u00f3s. Estamos empolgados com os trabalhos aqui na via porque o com\u00e9rcio vai crescer com a maior demanda da popula\u00e7\u00e3o\u201d, destaca Welington.<\/p>\n","protected":false},"excerpt":{"rendered":"<p>O Governo do Distrito Federal investe em mais uma obra para facilitar o acesso a com\u00e9rcios e impulsionar a economia local no Jardim Bot\u00e2nico. As equipes do Departamento de Estradas de Rodagem (DER-DF) trabalham nos servi\u00e7os de prolongamento da marginal da DF-001, na altura do Polo de Artesanato da regi\u00e3o. Para aumentar a via auxiliar [&hellip;]<\/p>\n","protected":false},"author":2,"featured_media":335625,"comment_status":"closed","ping_status":"closed","sticky":false,"template":"","format":"standard","meta":{"_acf_changed":false,"footnotes":""},"categories":[161],"tags":[],"class_list":["post-335624","post","type-post","status-publish","format-standard","has-post-thumbnail","hentry","category-quadradinho-em-foco"],"acf":[],"_links":{"self":[{"href":"https:\/\/www.notibras.com\/site\/wp-json\/wp\/v2\/posts\/335624","targetHints":{"allow":["GET"]}}],"collection":[{"href":"https:\/\/www.notibras.com\/site\/wp-json\/wp\/v2\/posts"}],"about":[{"href":"https:\/\/www.notibras.com\/site\/wp-json\/wp\/v2\/types\/post"}],"author":[{"embeddable":true,"href":"https:\/\/www.notibras.com\/site\/wp-json\/wp\/v2\/users\/2"}],"replies":[{"embeddable":true,"href":"https:\/\/www.notibras.com\/site\/wp-json\/wp\/v2\/comments?post=335624"}],"version-history":[{"count":1,"href":"https:\/\/www.notibras.com\/site\/wp-json\/wp\/v2\/posts\/335624\/revisions"}],"predecessor-version":[{"id":335626,"href":"https:\/\/www.notibras.com\/site\/wp-json\/wp\/v2\/posts\/335624\/revisions\/335626"}],"wp:featuredmedia":[{"embeddable":true,"href":"https:\/\/www.notibras.com\/site\/wp-json\/wp\/v2\/media\/335625"}],"wp:attachment":[{"href":"https:\/\/www.notibras.com\/site\/wp-json\/wp\/v2\/media?parent=335624"}],"wp:term":[{"taxonomy":"category","embeddable":true,"href":"https:\/\/www.notibras.com\/site\/wp-json\/wp\/v2\/categories?post=335624"},{"taxonomy":"post_tag","embeddable":true,"href":"https:\/\/www.notibras.com\/site\/wp-json\/wp\/v2\/tags?post=335624"}],"curies":[{"name":"wp","href":"https:\/\/api.w.org\/{rel}","templated":true}]}}