{"id":335627,"date":"2024-08-31T00:01:22","date_gmt":"2024-08-31T03:01:22","guid":{"rendered":"https:\/\/www.notibras.com\/site\/?p=335627"},"modified":"2024-08-31T05:19:53","modified_gmt":"2024-08-31T08:19:53","slug":"brasiliense-tera-47-locais-de-vacinacao-neste-sabado","status":"publish","type":"post","link":"https:\/\/www.notibras.com\/site\/brasiliense-tera-47-locais-de-vacinacao-neste-sabado\/","title":{"rendered":"Brasiliense ter\u00e1 47 locais de vacina\u00e7\u00e3o neste s\u00e1bado"},"content":{"rendered":"<p>Quem estiver com a vacina\u00e7\u00e3o atrasada pode aproveitar este s\u00e1bado (31) para garantir prote\u00e7\u00e3o. Equipes da Secretaria de Sa\u00fade (SES-DF) v\u00e3o atuar em 47 locais de atendimento. A lista completa com endere\u00e7os e hor\u00e1rios de cada local est\u00e1 dispon\u00edvel no site da pasta.<\/p>\n<p>A vacina contra a gripe \u00e9 aplicada em todas as pessoas a partir dos 6 meses de idade. J\u00e1 a de covid-19 \u00e9 aplicada em grupos espec\u00edficos, enquanto a da dengue \u00e9 exclusiva para crian\u00e7as e adolescentes de 10 a 14 anos. Outras vacinas, contra doen\u00e7as como p\u00f3lio, coqueluche, febre amarela e t\u00e9tano, s\u00e3o aplicadas conforme o Calend\u00e1rio de Vacina\u00e7\u00e3o de Rotina. \u00c9 importante verificar quais vacinas est\u00e3o dispon\u00edveis em cada local de atendimento.<\/p>\n<p>Para todos os p\u00fablicos, a orienta\u00e7\u00e3o \u00e9 levar documento de identidade com CPF e, se poss\u00edvel, a caderneta de vacina\u00e7\u00e3o. Os profissionais da SES-DF v\u00e3o analisar o hist\u00f3rico e fazer a atualiza\u00e7\u00e3o dos esquemas vacinais, de acordo com a faixa et\u00e1ria. Mais de uma dose poder\u00e1 ser aplicada na mesma ocasi\u00e3o, conforme avalia\u00e7\u00e3o.<\/p>\n<p>N\u00e3o haver\u00e1 vacina\u00e7\u00e3o no domingo, 1\u00ba de setembro. J\u00e1 na segunda-feira (2), mais de 100 salas de vacina reabrem para atendimento \u00e0 popula\u00e7\u00e3o.<\/p>\n","protected":false},"excerpt":{"rendered":"<p>Quem estiver com a vacina\u00e7\u00e3o atrasada pode aproveitar este s\u00e1bado (31) para garantir prote\u00e7\u00e3o. Equipes da Secretaria de Sa\u00fade (SES-DF) v\u00e3o atuar em 47 locais de atendimento. A lista completa com endere\u00e7os e hor\u00e1rios de cada local est\u00e1 dispon\u00edvel no site da pasta. A vacina contra a gripe \u00e9 aplicada em todas as pessoas a [&hellip;]<\/p>\n","protected":false},"author":2,"featured_media":335628,"comment_status":"closed","ping_status":"closed","sticky":false,"template":"","format":"standard","meta":{"_acf_changed":false,"footnotes":""},"categories":[161],"tags":[],"class_list":["post-335627","post","type-post","status-publish","format-standard","has-post-thumbnail","hentry","category-quadradinho-em-foco"],"acf":[],"_links":{"self":[{"href":"https:\/\/www.notibras.com\/site\/wp-json\/wp\/v2\/posts\/335627","targetHints":{"allow":["GET"]}}],"collection":[{"href":"https:\/\/www.notibras.com\/site\/wp-json\/wp\/v2\/posts"}],"about":[{"href":"https:\/\/www.notibras.com\/site\/wp-json\/wp\/v2\/types\/post"}],"author":[{"embeddable":true,"href":"https:\/\/www.notibras.com\/site\/wp-json\/wp\/v2\/users\/2"}],"replies":[{"embeddable":true,"href":"https:\/\/www.notibras.com\/site\/wp-json\/wp\/v2\/comments?post=335627"}],"version-history":[{"count":1,"href":"https:\/\/www.notibras.com\/site\/wp-json\/wp\/v2\/posts\/335627\/revisions"}],"predecessor-version":[{"id":335629,"href":"https:\/\/www.notibras.com\/site\/wp-json\/wp\/v2\/posts\/335627\/revisions\/335629"}],"wp:featuredmedia":[{"embeddable":true,"href":"https:\/\/www.notibras.com\/site\/wp-json\/wp\/v2\/media\/335628"}],"wp:attachment":[{"href":"https:\/\/www.notibras.com\/site\/wp-json\/wp\/v2\/media?parent=335627"}],"wp:term":[{"taxonomy":"category","embeddable":true,"href":"https:\/\/www.notibras.com\/site\/wp-json\/wp\/v2\/categories?post=335627"},{"taxonomy":"post_tag","embeddable":true,"href":"https:\/\/www.notibras.com\/site\/wp-json\/wp\/v2\/tags?post=335627"}],"curies":[{"name":"wp","href":"https:\/\/api.w.org\/{rel}","templated":true}]}}