{"id":335671,"date":"2024-09-01T00:44:13","date_gmt":"2024-09-01T03:44:13","guid":{"rendered":"https:\/\/www.notibras.com\/site\/?p=335671"},"modified":"2024-09-01T01:54:13","modified_gmt":"2024-09-01T04:54:13","slug":"cana-pode-cair-20-no-sul-e-nordeste-deve-segurar-as-pontas","status":"publish","type":"post","link":"https:\/\/www.notibras.com\/site\/cana-pode-cair-20-no-sul-e-nordeste-deve-segurar-as-pontas\/","title":{"rendered":"Cana pode cair 20% no Sul e Nordeste deve segurar as pontas"},"content":{"rendered":"<p>Um estudo do Laborat\u00f3rio Nacional de Biorrenov\u00e1veis do Centro Nacional de Pesquisa em Energia e Materiais (CNPEM) projeta que as mudan\u00e7as clim\u00e1ticas poder\u00e3o provocar queda na produ\u00e7\u00e3o brasileira de cana-de-a\u00e7\u00facar de at\u00e9 20% nos pr\u00f3ximos dez anos.<\/p>\n<p>As maiores quedas ser\u00e3o sentidas no Sul e Centro-Oeste. Para compensar as perdas, os produtores do Nordeste devem avan\u00e7ar ainda mais nas \u00e1reas cultivadas.<\/p>\n<p>A diminui\u00e7\u00e3o, de acordo com a pesquisa, causaria um efeito dr\u00e1stico similar no mercado de etanol combust\u00edvel e no setor de biocombust\u00edveis do Brasil. O pa\u00eds \u00e9 l\u00edder mundial na produ\u00e7\u00e3o e consumo de biocombust\u00edveis.<\/p>\n<p>Segundo o levantamento, a redu\u00e7\u00e3o na quantidade e frequ\u00eancia de chuvas \u00e9 apontada como o principal fator prejudicial ao desenvolvimento da cana-de-a\u00e7\u00facar, superando at\u00e9 mesmo a eleva\u00e7\u00e3o das temperaturas.<\/p>\n<p>\u201cA proje\u00e7\u00e3o foi poss\u00edvel gra\u00e7as a t\u00e9cnicas de modelagem agroclim\u00e1tica. Os pesquisadores analisaram dados clim\u00e1ticos hist\u00f3ricos e fizeram simula\u00e7\u00f5es considerando vari\u00e1veis para estimar o que pode acontecer, nos pr\u00f3ximos anos, com a cultura de cana na regi\u00e3o Centro-Sul do Brasil\u201d, destacou o CNPEM, em nota.<\/p>\n<p><strong>Dados clim\u00e1ticos<\/strong><br \/>\nA regi\u00e3o estudada abrange os estados de S\u00e3o Paulo, Goi\u00e1s, Minas Gerais, Paran\u00e1, Mato Grosso e Mato Grosso do Sul, que produzem atualmente 90% da cana-de-a\u00e7\u00facar do pa\u00eds. A pesquisa utilizou dados clim\u00e1ticos do Instituto Nacional de Pesquisas Espaciais (INPE) e adotou o modelo Crop Assessment Tool, desenvolvido pelo CNPEM, para descobrir como as mudan\u00e7as clim\u00e1ticas podem afetar a produtividade da cana-de-a\u00e7\u00facar.<\/p>\n<p>\u201cA queda na produ\u00e7\u00e3o j\u00e1 come\u00e7ou a ser sentida e pode se agravar, caso n\u00e3o sejam adotadas a\u00e7\u00f5es para mitigar os impactos ambientais. A Companhia Nacional de Abastecimento (Conab) estima redu\u00e7\u00e3o de 3,8% na safra de 2024\/2025, em consequ\u00eancia dos baixos \u00edndices pluviom\u00e9tricos e das altas temperaturas na regi\u00e3o Centro-Sul\u201d, ressalta a pesquisa.<\/p>\n<p>O principal participante do estudo, o engenheiro agr\u00edcola Gabriel Petrielli, alerta que a diminui\u00e7\u00e3o da produ\u00e7\u00e3o da cana poder\u00e1 causar uma forte queda nas receitas no setor.<\/p>\n<p>\u201cO recuo na produtividade da cana-de-a\u00e7\u00facar pode levar a uma redu\u00e7\u00e3o da receita de CBIOs da ordem de US$ 1,9 milh\u00e3o para cada bilh\u00e3o de litros de etanol produzido, resultando em uma perda de receita no setor da ordem de US$ 60 milh\u00f5es anualmente\u201d, destaca.<\/p>\n","protected":false},"excerpt":{"rendered":"<p>Um estudo do Laborat\u00f3rio Nacional de Biorrenov\u00e1veis do Centro Nacional de Pesquisa em Energia e Materiais (CNPEM) projeta que as mudan\u00e7as clim\u00e1ticas poder\u00e3o provocar queda na produ\u00e7\u00e3o brasileira de cana-de-a\u00e7\u00facar de at\u00e9 20% nos pr\u00f3ximos dez anos. As maiores quedas ser\u00e3o sentidas no Sul e Centro-Oeste. Para compensar as perdas, os produtores do Nordeste devem [&hellip;]<\/p>\n","protected":false},"author":2,"featured_media":335672,"comment_status":"closed","ping_status":"closed","sticky":false,"template":"","format":"standard","meta":{"_acf_changed":false,"footnotes":""},"categories":[165],"tags":[],"class_list":["post-335671","post","type-post","status-publish","format-standard","has-post-thumbnail","hentry","category-nordeste"],"acf":[],"_links":{"self":[{"href":"https:\/\/www.notibras.com\/site\/wp-json\/wp\/v2\/posts\/335671","targetHints":{"allow":["GET"]}}],"collection":[{"href":"https:\/\/www.notibras.com\/site\/wp-json\/wp\/v2\/posts"}],"about":[{"href":"https:\/\/www.notibras.com\/site\/wp-json\/wp\/v2\/types\/post"}],"author":[{"embeddable":true,"href":"https:\/\/www.notibras.com\/site\/wp-json\/wp\/v2\/users\/2"}],"replies":[{"embeddable":true,"href":"https:\/\/www.notibras.com\/site\/wp-json\/wp\/v2\/comments?post=335671"}],"version-history":[{"count":1,"href":"https:\/\/www.notibras.com\/site\/wp-json\/wp\/v2\/posts\/335671\/revisions"}],"predecessor-version":[{"id":335673,"href":"https:\/\/www.notibras.com\/site\/wp-json\/wp\/v2\/posts\/335671\/revisions\/335673"}],"wp:featuredmedia":[{"embeddable":true,"href":"https:\/\/www.notibras.com\/site\/wp-json\/wp\/v2\/media\/335672"}],"wp:attachment":[{"href":"https:\/\/www.notibras.com\/site\/wp-json\/wp\/v2\/media?parent=335671"}],"wp:term":[{"taxonomy":"category","embeddable":true,"href":"https:\/\/www.notibras.com\/site\/wp-json\/wp\/v2\/categories?post=335671"},{"taxonomy":"post_tag","embeddable":true,"href":"https:\/\/www.notibras.com\/site\/wp-json\/wp\/v2\/tags?post=335671"}],"curies":[{"name":"wp","href":"https:\/\/api.w.org\/{rel}","templated":true}]}}