{"id":335674,"date":"2024-09-01T00:04:26","date_gmt":"2024-09-01T03:04:26","guid":{"rendered":"https:\/\/www.notibras.com\/site\/?p=335674"},"modified":"2024-09-01T01:56:18","modified_gmt":"2024-09-01T04:56:18","slug":"conferencia-propoe-agencia-de-desenvolvimento-pan-africanista","status":"publish","type":"post","link":"https:\/\/www.notibras.com\/site\/conferencia-propoe-agencia-de-desenvolvimento-pan-africanista\/","title":{"rendered":"Confer\u00eancia prop\u00f5e ag\u00eancia de desenvolvimento pan-africanista"},"content":{"rendered":"<p>A Confer\u00eancia da Di\u00e1spora Africana nas Am\u00e9ricas, foi encerrada em Salvador neste s\u00e1bado (31) e teve como uma das propostas finais de encaminhamento, a cria\u00e7\u00e3o de uma ag\u00eancia de desenvolvimento pan-africanista pela Uni\u00e3o Africana, tendo a capital baiana como sede.<\/p>\n<p>A informa\u00e7\u00e3o foi confirmada pelo professor e pesquisador Richard Santos, pr\u00f3-reitor de extens\u00e3o e cultura da Universidade Federal do Sul da Bahia (UFSB). A ideologia pan-africanista defende a uni\u00e3o dos povos daquele Continente e dos seus descendentes em busca de direitos e contra o racismo.<\/p>\n<p>\u201cEm nossa mesa de trabalho, atuamos para a finaliza\u00e7\u00e3o da carta final da confer\u00eancia. Os seus temas v\u00e3o ser levados para o 9\u00ba Congresso Pan-Africano, no Togo, no m\u00eas de outubro. Vamos fazer a entrega dessa carta documento aos chefes de Estado que estar\u00e3o em Salvador para o encerramento oficial da confer\u00eancia\u201d, explica.<\/p>\n<p><strong>Salvador como capital<\/strong><br \/>\nNa sexta-feira (30), o debate abordou temas como repara\u00e7\u00e3o, reconstru\u00e7\u00e3o e mem\u00f3ria, particularmente sobre como conduzir no s\u00e9culo 21 a reaproxima\u00e7\u00e3o de \u00c1frica e por onde ocorreu a di\u00e1spora dos cidad\u00e3os daquele continente. \u201cO Brasil \u00e9 o principal pa\u00eds da di\u00e1spora fora da \u00c1frica, e Salvador como sua capital \u00e9 um projeto de desenvolvimento, de aproxima\u00e7\u00e3o, de rela\u00e7\u00e3o multilateral\u201d, explicou o pesquisador.<\/p>\n<p>O professor da UFSB considerou o debate \u201cprimoroso\u201d porque os membros das mais variadas delega\u00e7\u00f5es, de pelo menos 50 pa\u00edses, se debru\u00e7aram sobre temas relacionados \u00e0s necessidades das popula\u00e7\u00f5es negras e africanas, e afro-diasp\u00f3ricas, numa perspectiva de \u201cpensar o futuro\u201d.<\/p>\n<p><strong>Reconstru\u00e7\u00e3o<\/strong><br \/>\nTamb\u00e9m nessa perspectiva de presente e futuro, o pesquisador e ativista Igor Prazeres, da Coordena\u00e7\u00e3o Nacional das Entidades Negras (Conen), defendeu a posi\u00e7\u00e3o da confer\u00eancia de reconstru\u00e7\u00e3o das rela\u00e7\u00f5es pan-africanistas tanto naquele continente como com os pa\u00edses para onde ocorreu a di\u00e1spora das Am\u00e9ricas e do Caribe.<\/p>\n<p>Prazeres entende que \u00e9 necess\u00e1rio, nesse sentido, priorizar a\u00e7\u00f5es pela garantia de educa\u00e7\u00e3o, cultura e mem\u00f3ria. \u201cUma prioridade \u00e9 a educa\u00e7\u00e3o para que a gente possa reconstruir as rela\u00e7\u00f5es pelo caminho da mem\u00f3ria de forma que nossos saberes estejam nas escolas e nas universidades para que a gente possa formar professores na base da educa\u00e7\u00e3o que possam j\u00e1 trabalhar com esse conceito mais amplo\u201d.<\/p>\n<p>O coordenador da Conen tamb\u00e9m defendeu a cria\u00e7\u00e3o de uma institui\u00e7\u00e3o multilateral aproveitando a ocasi\u00e3o em que o Brasil est\u00e1 na presid\u00eancia tempor\u00e1ria do G-20. Por isso, ele entende que se trata de uma oportunidade de uma defesa enf\u00e1tica das comunidades tradicionais, incluindo os povos quilombolas, pol\u00edticas para crian\u00e7as e adolescentes, e discutir as a\u00e7\u00f5es policiais de guerra contra as drogas \u201cque mais extermina nossa juventude\u201d.<\/p>\n<p>Ele entende que essas tem\u00e1ticas devem ser objetos de discuss\u00e3o no Congresso no Togo, em outubro. \u201cAinda h\u00e1 uma vis\u00e3o do eurocentrismo como uma matriz de conhecimento. Essa vis\u00e3o euroc\u00eantrica de que o Brasil vive uma democracia racial ainda n\u00e3o foi vencida\u201d, avalia.<\/p>\n","protected":false},"excerpt":{"rendered":"<p>A Confer\u00eancia da Di\u00e1spora Africana nas Am\u00e9ricas, foi encerrada em Salvador neste s\u00e1bado (31) e teve como uma das propostas finais de encaminhamento, a cria\u00e7\u00e3o de uma ag\u00eancia de desenvolvimento pan-africanista pela Uni\u00e3o Africana, tendo a capital baiana como sede. A informa\u00e7\u00e3o foi confirmada pelo professor e pesquisador Richard Santos, pr\u00f3-reitor de extens\u00e3o e cultura [&hellip;]<\/p>\n","protected":false},"author":2,"featured_media":335675,"comment_status":"closed","ping_status":"closed","sticky":false,"template":"","format":"standard","meta":{"_acf_changed":false,"footnotes":""},"categories":[165],"tags":[],"class_list":["post-335674","post","type-post","status-publish","format-standard","has-post-thumbnail","hentry","category-nordeste"],"acf":[],"_links":{"self":[{"href":"https:\/\/www.notibras.com\/site\/wp-json\/wp\/v2\/posts\/335674","targetHints":{"allow":["GET"]}}],"collection":[{"href":"https:\/\/www.notibras.com\/site\/wp-json\/wp\/v2\/posts"}],"about":[{"href":"https:\/\/www.notibras.com\/site\/wp-json\/wp\/v2\/types\/post"}],"author":[{"embeddable":true,"href":"https:\/\/www.notibras.com\/site\/wp-json\/wp\/v2\/users\/2"}],"replies":[{"embeddable":true,"href":"https:\/\/www.notibras.com\/site\/wp-json\/wp\/v2\/comments?post=335674"}],"version-history":[{"count":1,"href":"https:\/\/www.notibras.com\/site\/wp-json\/wp\/v2\/posts\/335674\/revisions"}],"predecessor-version":[{"id":335676,"href":"https:\/\/www.notibras.com\/site\/wp-json\/wp\/v2\/posts\/335674\/revisions\/335676"}],"wp:featuredmedia":[{"embeddable":true,"href":"https:\/\/www.notibras.com\/site\/wp-json\/wp\/v2\/media\/335675"}],"wp:attachment":[{"href":"https:\/\/www.notibras.com\/site\/wp-json\/wp\/v2\/media?parent=335674"}],"wp:term":[{"taxonomy":"category","embeddable":true,"href":"https:\/\/www.notibras.com\/site\/wp-json\/wp\/v2\/categories?post=335674"},{"taxonomy":"post_tag","embeddable":true,"href":"https:\/\/www.notibras.com\/site\/wp-json\/wp\/v2\/tags?post=335674"}],"curies":[{"name":"wp","href":"https:\/\/api.w.org\/{rel}","templated":true}]}}