{"id":335682,"date":"2024-09-01T02:21:03","date_gmt":"2024-09-01T05:21:03","guid":{"rendered":"https:\/\/www.notibras.com\/site\/?p=335682"},"modified":"2024-09-01T02:21:03","modified_gmt":"2024-09-01T05:21:03","slug":"inscangaioi-o-portugueise-que-briganha-ou-latina","status":"publish","type":"post","link":"https:\/\/www.notibras.com\/site\/inscangaioi-o-portugueise-que-briganha-ou-latina\/","title":{"rendered":"Inscangaioi o portugueise. Qu\u00e9 briganh\u00e1 ou latin\u00e1?"},"content":{"rendered":"<p>J\u00e1 vi um v\u00eddeo do Ariano Suassuna criticando autores que escrevem palavras erradas ditas pelo povo. Agora est\u00e1 em voga o tal uso de todes, que, acredito, ir\u00e1 pegar, apesar da reprova\u00e7\u00e3o de parte da sociedade, geralmente movida por quest\u00f5es morais. Tal assunto, que irrita muita gente, chegou at\u00e9 mim pela provoca\u00e7\u00e3o de um colega, o L\u00facio, que deveria ter imaginado estar munido de um \u00c1s na manga.<\/p>\n<p>\u2014 Edu, anteontem falei com uma professora, que disse que a l\u00edngua tem que ser natural.<\/p>\n<p>\u2014 Hum.<\/p>\n<p>\u2014 Ela me contou que a palavra presidenta n\u00e3o \u00e9 natural. Ela \u00e9 dif\u00edcil de ser dita: PRE-SI-DEN-TA. N\u00e3o \u00e9 natural como PRE-SI-DEN-TE.<\/p>\n<p>\u2014 L\u00facio, n\u00e3o sei se voc\u00ea e essa tal professora sabem, mas presidenta \u00e9 uma palavra bem antiga, e n\u00e3o foi a Dilma que a inventou.<\/p>\n<p>\u2014 Edu, mas voc\u00ea n\u00e3o concorda que presidente \u00e9 mais natural? Olha como sai mais suave: PRE-SI-DEN-TE.<\/p>\n<p>\u2014 As palavras n\u00e3o s\u00e3o criadas a partir da naturalidade. Mas, caso voc\u00ea encontre a sua professora, pergunte o que ela acha de todes.<\/p>\n<p>\u2014 Ah, a\u00ed, voc\u00ea t\u00e1 pegando pesado. Todes. Onde j\u00e1 se viu essa coisa de todes? J\u00e1 temos todos e todas. A nossa l\u00edngua \u00e9 t\u00e3o linda e rica. Por que dever\u00edamos agredi-la com todes?<\/p>\n<p>\u2014 L\u00facio, eu at\u00e9 gosto de todes. Repare que soa muito mais natural: TO-DES. \u00c9 mais f\u00e1cil de ser dita que TO-DOS e TO-DAS.<\/p>\n<p>\u2014 Se for assim, daqui a pouco o portugu\u00eas estar\u00e1 t\u00e3o deturpado, que nem entenderemos o que as pessoas est\u00e3o falando.<\/p>\n<p>\u2014 L\u00facio, se voc\u00ea quer uma l\u00edngua que n\u00e3o mude, v\u00e1 aprender latim. Ah, mas mesmo assim vai ter um probleminha.<\/p>\n<p>\u2014 Qual?<\/p>\n<p>\u2014 Se voc\u00ea quiser que ela continue morta, n\u00e3o a use com ningu\u00e9m, pois \u00e9 certo que a danada vai come\u00e7ar a se transformar. E vai ser t\u00e3o rapidinho, que voc\u00ea vai se arrepender.<\/p>\n<p><strong>*Eduardo Mart\u00ednez \u00e9 autor do livro \u201c57 Contos e Cr\u00f4nicas por um Autor muito Velho\u201d.<\/strong><\/p>\n<p>Compre aqui\u00a0<span class=\"x19la9d6 x1fc57z9 x6ikm8r x10wlt62 x19co3pv x1g5zs5t xfibh0p xiy17q3 x1xsqp64 x1lkfr7t xexx8yu x4uap5 x18d9i69 xkhd6sd\"><span class=\"xrtxmta x1bhl96m\"><img decoding=\"async\" class=\"emoji\" role=\"img\" draggable=\"false\" src=\"https:\/\/s.w.org\/images\/core\/emoji\/14.0.0\/svg\/1f447-1f3ff.svg\" alt=\"&#x1f447;&#x1f3ff;\" \/><\/span><\/span><span class=\"x19la9d6 x1fc57z9 x6ikm8r x10wlt62 x19co3pv x1g5zs5t xfibh0p xiy17q3 x1xsqp64 x1lkfr7t xexx8yu x4uap5 x18d9i69 xkhd6sd\"><span class=\"xrtxmta x1bhl96m\"><img decoding=\"async\" class=\"emoji\" role=\"img\" draggable=\"false\" src=\"https:\/\/s.w.org\/images\/core\/emoji\/14.0.0\/svg\/1f447-1f3ff.svg\" alt=\"&#x1f447;&#x1f3ff;\" \/><\/span><\/span><span class=\"x19la9d6 x1fc57z9 x6ikm8r x10wlt62 x19co3pv x1g5zs5t xfibh0p xiy17q3 x1xsqp64 x1lkfr7t xexx8yu x4uap5 x18d9i69 xkhd6sd\"><span class=\"xrtxmta x1bhl96m\"><img decoding=\"async\" class=\"emoji\" role=\"img\" draggable=\"false\" src=\"https:\/\/s.w.org\/images\/core\/emoji\/14.0.0\/svg\/1f447-1f3ff.svg\" alt=\"&#x1f447;&#x1f3ff;\" \/><\/span><\/span><\/p>\n<p><a href=\"http:\/\/www.joanineditora.com.br\/57-contos-e-cronicas-por-um-autor-muito-velho\">http:\/\/www.joanineditora.com.br\/57-contos-e-cronicas-por-um-autor-muito-velho<\/a><\/p>\n","protected":false},"excerpt":{"rendered":"<p>J\u00e1 vi um v\u00eddeo do Ariano Suassuna criticando autores que escrevem palavras erradas ditas pelo povo. Agora est\u00e1 em voga o tal uso de todes, que, acredito, ir\u00e1 pegar, apesar da reprova\u00e7\u00e3o de parte da sociedade, geralmente movida por quest\u00f5es morais. Tal assunto, que irrita muita gente, chegou at\u00e9 mim pela provoca\u00e7\u00e3o de um colega, [&hellip;]<\/p>\n","protected":false},"author":2,"featured_media":335683,"comment_status":"closed","ping_status":"closed","sticky":false,"template":"","format":"standard","meta":{"_acf_changed":false,"footnotes":""},"categories":[161],"tags":[],"class_list":["post-335682","post","type-post","status-publish","format-standard","has-post-thumbnail","hentry","category-quadradinho-em-foco"],"acf":[],"_links":{"self":[{"href":"https:\/\/www.notibras.com\/site\/wp-json\/wp\/v2\/posts\/335682","targetHints":{"allow":["GET"]}}],"collection":[{"href":"https:\/\/www.notibras.com\/site\/wp-json\/wp\/v2\/posts"}],"about":[{"href":"https:\/\/www.notibras.com\/site\/wp-json\/wp\/v2\/types\/post"}],"author":[{"embeddable":true,"href":"https:\/\/www.notibras.com\/site\/wp-json\/wp\/v2\/users\/2"}],"replies":[{"embeddable":true,"href":"https:\/\/www.notibras.com\/site\/wp-json\/wp\/v2\/comments?post=335682"}],"version-history":[{"count":1,"href":"https:\/\/www.notibras.com\/site\/wp-json\/wp\/v2\/posts\/335682\/revisions"}],"predecessor-version":[{"id":335684,"href":"https:\/\/www.notibras.com\/site\/wp-json\/wp\/v2\/posts\/335682\/revisions\/335684"}],"wp:featuredmedia":[{"embeddable":true,"href":"https:\/\/www.notibras.com\/site\/wp-json\/wp\/v2\/media\/335683"}],"wp:attachment":[{"href":"https:\/\/www.notibras.com\/site\/wp-json\/wp\/v2\/media?parent=335682"}],"wp:term":[{"taxonomy":"category","embeddable":true,"href":"https:\/\/www.notibras.com\/site\/wp-json\/wp\/v2\/categories?post=335682"},{"taxonomy":"post_tag","embeddable":true,"href":"https:\/\/www.notibras.com\/site\/wp-json\/wp\/v2\/tags?post=335682"}],"curies":[{"name":"wp","href":"https:\/\/api.w.org\/{rel}","templated":true}]}}