{"id":335701,"date":"2024-09-02T05:33:11","date_gmt":"2024-09-02T08:33:11","guid":{"rendered":"https:\/\/www.notibras.com\/site\/?p=335701"},"modified":"2024-09-02T07:05:14","modified_gmt":"2024-09-02T10:05:14","slug":"tres-dias-sem-bolo-e-ele-quando-chega-e-uma-festa","status":"publish","type":"post","link":"https:\/\/www.notibras.com\/site\/tres-dias-sem-bolo-e-ele-quando-chega-e-uma-festa\/","title":{"rendered":"Tr\u00eas dias sem bolo, e ele quando chega \u00e9 uma festa"},"content":{"rendered":"<p>Aquele era o meu primeiro dia no novo emprego. O ambiente agrad\u00e1vel, apesar das lixeiras com pap\u00e9is amassados at\u00e9 a boca, e os cinzeiros abarrotados de guimbas de cigarros. Pelo visto, voc\u00ea j\u00e1 deve ter percebido que essa hist\u00f3ria aconteceu antes da tal lei proibindo fumo em ambientes fechados, que, juro, muita gente imaginava que seria daquelas para ingl\u00eas ver. E n\u00e3o \u00e9 que pegou?<\/p>\n<p>Notei tamb\u00e9m o enorme quadro de corti\u00e7a, onde alguns avisos pertinentes ao servi\u00e7o eram afixados com percevejos. E o mais importante, ao menos o de maior tamanho, me chamou a aten\u00e7\u00e3o, al\u00e9m de despertar as famigeradas bact\u00e9rias dependentes de a\u00e7\u00facar que ainda povoam meu trato digest\u00f3rio: &#8220;Estamos h\u00e1 tr\u00eas dias sem bolo!&#8221;<\/p>\n<p>Naquele mesmo dia, descobri que Elaine, fumante inveterada, cujo corpo cadav\u00e9rico me intrigava por n\u00e3o possuir nem o menor resqu\u00edcio de gordura, fora a autora daquele aviso. E, apesar dos protestos de alguns colegas em fase de regime, o tal jejum de bolo acabou justamente no final do expediente. A desculpa foi a nova contrata\u00e7\u00e3o da empresa, no caso, eu.<\/p>\n<p>Ainda hoje tenho \u00f3timas lembran\u00e7as daquela perfei\u00e7\u00e3o de sabor de chocolate, com cobertura de ganache. Entre protestos e sorrisos, todos se deliciaram com os fartos peda\u00e7os da iguaria. Elaine, como das outras tantas e tantas vezes, foi a que mais comeu. Era at\u00e9 divertido presenciar as desaven\u00e7as que aconteciam entre a minha amiga fumante e a Ruth, a respons\u00e1vel pelas finan\u00e7as.<\/p>\n<p>\u2014 Elaine, como \u00e9 poss\u00edvel voc\u00ea n\u00e3o engordar, mulher?<\/p>\n<p>\u2014 \u00c9 que tenho o metabolismo r\u00e1pido.<\/p>\n<p>\u2014 Que metabolismo r\u00e1pido o qu\u00ea! Voc\u00ea deve ter uma solit\u00e1ria!<\/p>\n<p>\u2014 Que solit\u00e1ria que nada, Ruth! Aqui \u00e9 s\u00f3 amor! Tenho \u00e9 uma comunit\u00e1ria!<\/p>\n<p><strong>*Eduardo Mart\u00ednez \u00e9 autor do livro \u201c57 Contos e Cr\u00f4nicas por um Autor muito Velho\u201d.<\/strong><\/p>\n<p>Compre aqui\u00a0<span class=\"x19la9d6 x1fc57z9 x6ikm8r x10wlt62 x19co3pv x1g5zs5t xfibh0p xiy17q3 x1xsqp64 x1lkfr7t xexx8yu x4uap5 x18d9i69 xkhd6sd\"><span class=\"xrtxmta x1bhl96m\"><img decoding=\"async\" class=\"emoji\" role=\"img\" draggable=\"false\" src=\"https:\/\/s.w.org\/images\/core\/emoji\/14.0.0\/svg\/1f447-1f3ff.svg\" alt=\"&#x1f447;&#x1f3ff;\" \/><\/span><\/span><span class=\"x19la9d6 x1fc57z9 x6ikm8r x10wlt62 x19co3pv x1g5zs5t xfibh0p xiy17q3 x1xsqp64 x1lkfr7t xexx8yu x4uap5 x18d9i69 xkhd6sd\"><span class=\"xrtxmta x1bhl96m\"><img decoding=\"async\" class=\"emoji\" role=\"img\" draggable=\"false\" src=\"https:\/\/s.w.org\/images\/core\/emoji\/14.0.0\/svg\/1f447-1f3ff.svg\" alt=\"&#x1f447;&#x1f3ff;\" \/><\/span><\/span><span class=\"x19la9d6 x1fc57z9 x6ikm8r x10wlt62 x19co3pv x1g5zs5t xfibh0p xiy17q3 x1xsqp64 x1lkfr7t xexx8yu x4uap5 x18d9i69 xkhd6sd\"><span class=\"xrtxmta x1bhl96m\"><img decoding=\"async\" class=\"emoji\" role=\"img\" draggable=\"false\" src=\"https:\/\/s.w.org\/images\/core\/emoji\/14.0.0\/svg\/1f447-1f3ff.svg\" alt=\"&#x1f447;&#x1f3ff;\" \/><\/span><\/span><\/p>\n<p><a href=\"http:\/\/www.joanineditora.com.br\/57-contos-e-cronicas-por-um-autor-muito-velho\">http:\/\/www.joanineditora.com.br\/57-contos-e-cronicas-por-um-autor-muito-velho<\/a><\/p>\n<p>&nbsp;<\/p>\n","protected":false},"excerpt":{"rendered":"<p>Aquele era o meu primeiro dia no novo emprego. O ambiente agrad\u00e1vel, apesar das lixeiras com pap\u00e9is amassados at\u00e9 a boca, e os cinzeiros abarrotados de guimbas de cigarros. Pelo visto, voc\u00ea j\u00e1 deve ter percebido que essa hist\u00f3ria aconteceu antes da tal lei proibindo fumo em ambientes fechados, que, juro, muita gente imaginava que [&hellip;]<\/p>\n","protected":false},"author":2,"featured_media":335702,"comment_status":"closed","ping_status":"closed","sticky":false,"template":"","format":"standard","meta":{"_acf_changed":false,"footnotes":""},"categories":[161],"tags":[],"class_list":["post-335701","post","type-post","status-publish","format-standard","has-post-thumbnail","hentry","category-quadradinho-em-foco"],"acf":[],"_links":{"self":[{"href":"https:\/\/www.notibras.com\/site\/wp-json\/wp\/v2\/posts\/335701","targetHints":{"allow":["GET"]}}],"collection":[{"href":"https:\/\/www.notibras.com\/site\/wp-json\/wp\/v2\/posts"}],"about":[{"href":"https:\/\/www.notibras.com\/site\/wp-json\/wp\/v2\/types\/post"}],"author":[{"embeddable":true,"href":"https:\/\/www.notibras.com\/site\/wp-json\/wp\/v2\/users\/2"}],"replies":[{"embeddable":true,"href":"https:\/\/www.notibras.com\/site\/wp-json\/wp\/v2\/comments?post=335701"}],"version-history":[{"count":3,"href":"https:\/\/www.notibras.com\/site\/wp-json\/wp\/v2\/posts\/335701\/revisions"}],"predecessor-version":[{"id":335727,"href":"https:\/\/www.notibras.com\/site\/wp-json\/wp\/v2\/posts\/335701\/revisions\/335727"}],"wp:featuredmedia":[{"embeddable":true,"href":"https:\/\/www.notibras.com\/site\/wp-json\/wp\/v2\/media\/335702"}],"wp:attachment":[{"href":"https:\/\/www.notibras.com\/site\/wp-json\/wp\/v2\/media?parent=335701"}],"wp:term":[{"taxonomy":"category","embeddable":true,"href":"https:\/\/www.notibras.com\/site\/wp-json\/wp\/v2\/categories?post=335701"},{"taxonomy":"post_tag","embeddable":true,"href":"https:\/\/www.notibras.com\/site\/wp-json\/wp\/v2\/tags?post=335701"}],"curies":[{"name":"wp","href":"https:\/\/api.w.org\/{rel}","templated":true}]}}