{"id":335712,"date":"2024-09-02T00:18:26","date_gmt":"2024-09-02T03:18:26","guid":{"rendered":"https:\/\/www.notibras.com\/site\/?p=335712"},"modified":"2024-09-01T23:24:24","modified_gmt":"2024-09-02T02:24:24","slug":"incendio-acaba-com-loja-da-vem-ki-tem-atacarejo","status":"publish","type":"post","link":"https:\/\/www.notibras.com\/site\/incendio-acaba-com-loja-da-vem-ki-tem-atacarejo\/","title":{"rendered":"Inc\u00eandio acaba com loja da Vem Ki Tem Atacarejo"},"content":{"rendered":"<p>Um inc\u00eandio de grandes propor\u00e7\u00f5es atingiu no domingo, 1\u00ba de setembro, uma loja do grupo Vem Ki Tem Atacarejo, localizada na Avenida Guajajaras, no bairro Forquilha, em S\u00e3o Lu\u00eds.<\/p>\n<p>O incidente mobilizou equipes do Corpo de Bombeiros do Maranh\u00e3o para combater as chamas e garantir a seguran\u00e7a do local.<\/p>\n<p>De acordo com o coronel C\u00e9lio Roberto, comandante dos bombeiros, o fogo foi controldo por volta das 17h30.<\/p>\n<p>As causas do inc\u00eandio ainda n\u00e3o foram divulgadas, e as autoridades est\u00e3o investigando o ocorrido. Felizmente, n\u00e3o houve relatos de v\u00edtimas, mas a extens\u00e3o dos danos materiais ainda est\u00e1 sendo avaliada. Nesta segunda, 2, come\u00e7a umka per\u00edcia no local.<\/p>\n","protected":false},"excerpt":{"rendered":"<p>Um inc\u00eandio de grandes propor\u00e7\u00f5es atingiu no domingo, 1\u00ba de setembro, uma loja do grupo Vem Ki Tem Atacarejo, localizada na Avenida Guajajaras, no bairro Forquilha, em S\u00e3o Lu\u00eds. O incidente mobilizou equipes do Corpo de Bombeiros do Maranh\u00e3o para combater as chamas e garantir a seguran\u00e7a do local. De acordo com o coronel C\u00e9lio [&hellip;]<\/p>\n","protected":false},"author":2,"featured_media":335713,"comment_status":"closed","ping_status":"closed","sticky":false,"template":"","format":"standard","meta":{"_acf_changed":false,"footnotes":""},"categories":[165],"tags":[],"class_list":["post-335712","post","type-post","status-publish","format-standard","has-post-thumbnail","hentry","category-nordeste"],"acf":[],"_links":{"self":[{"href":"https:\/\/www.notibras.com\/site\/wp-json\/wp\/v2\/posts\/335712","targetHints":{"allow":["GET"]}}],"collection":[{"href":"https:\/\/www.notibras.com\/site\/wp-json\/wp\/v2\/posts"}],"about":[{"href":"https:\/\/www.notibras.com\/site\/wp-json\/wp\/v2\/types\/post"}],"author":[{"embeddable":true,"href":"https:\/\/www.notibras.com\/site\/wp-json\/wp\/v2\/users\/2"}],"replies":[{"embeddable":true,"href":"https:\/\/www.notibras.com\/site\/wp-json\/wp\/v2\/comments?post=335712"}],"version-history":[{"count":1,"href":"https:\/\/www.notibras.com\/site\/wp-json\/wp\/v2\/posts\/335712\/revisions"}],"predecessor-version":[{"id":335714,"href":"https:\/\/www.notibras.com\/site\/wp-json\/wp\/v2\/posts\/335712\/revisions\/335714"}],"wp:featuredmedia":[{"embeddable":true,"href":"https:\/\/www.notibras.com\/site\/wp-json\/wp\/v2\/media\/335713"}],"wp:attachment":[{"href":"https:\/\/www.notibras.com\/site\/wp-json\/wp\/v2\/media?parent=335712"}],"wp:term":[{"taxonomy":"category","embeddable":true,"href":"https:\/\/www.notibras.com\/site\/wp-json\/wp\/v2\/categories?post=335712"},{"taxonomy":"post_tag","embeddable":true,"href":"https:\/\/www.notibras.com\/site\/wp-json\/wp\/v2\/tags?post=335712"}],"curies":[{"name":"wp","href":"https:\/\/api.w.org\/{rel}","templated":true}]}}