{"id":335715,"date":"2024-09-02T00:01:32","date_gmt":"2024-09-02T03:01:32","guid":{"rendered":"https:\/\/www.notibras.com\/site\/?p=335715"},"modified":"2024-09-01T23:32:18","modified_gmt":"2024-09-02T02:32:18","slug":"policia-apura-mais-denuncias-de-abusos-contra-pediatra","status":"publish","type":"post","link":"https:\/\/www.notibras.com\/site\/policia-apura-mais-denuncias-de-abusos-contra-pediatra\/","title":{"rendered":"Pol\u00edcia apura mais den\u00fancias de abusos contra pediatra"},"content":{"rendered":"<p>A Pol\u00edcia Civil da Para\u00edba abriu um novo inqu\u00e9rito para investigar mais den\u00fancias de abuso sexual infantil contra o pediatra de Fernando Cunha Lima, de Jo\u00e3o Pessoa.<\/p>\n<p>O m\u00e9dico, que j\u00e1 estava sendo investigado por casos anteriores, enfrenta novas acusa\u00e7\u00f5es feitas por v\u00e1rias fam\u00edlias que alegam que seus filhos foram v\u00edtimas de abusos udrante consultas.<\/p>\n<p>As novas den\u00fancias surgiram ap\u00f3s a divulga\u00e7\u00e3o dos casos anteriores, levando mais v\u00edtimas a se manifestarem. A pol\u00edcia est\u00e1 coletando depoimentos e evid\u00eancias para aprofundar a investiga\u00e7\u00e3o e determinar a extens\u00e3o das acusa\u00e7\u00f5es contra o m\u00e9dico.<\/p>\n<p>O inqu\u00e9rito anterior j\u00e1 havia resultado na pris\u00e3o do pediatra, que nega todas as acusa\u00e7\u00f5es. As autoridades continuam pedindo que qualquer outra v\u00edtima ou testemunha seja apresentada para ajudar na elucida\u00e7\u00e3o dos casos.<\/p>\n","protected":false},"excerpt":{"rendered":"<p>A Pol\u00edcia Civil da Para\u00edba abriu um novo inqu\u00e9rito para investigar mais den\u00fancias de abuso sexual infantil contra o pediatra de Fernando Cunha Lima, de Jo\u00e3o Pessoa. O m\u00e9dico, que j\u00e1 estava sendo investigado por casos anteriores, enfrenta novas acusa\u00e7\u00f5es feitas por v\u00e1rias fam\u00edlias que alegam que seus filhos foram v\u00edtimas de abusos udrante consultas. [&hellip;]<\/p>\n","protected":false},"author":2,"featured_media":335716,"comment_status":"closed","ping_status":"closed","sticky":false,"template":"","format":"standard","meta":{"_acf_changed":false,"footnotes":""},"categories":[165],"tags":[],"class_list":["post-335715","post","type-post","status-publish","format-standard","has-post-thumbnail","hentry","category-nordeste"],"acf":[],"_links":{"self":[{"href":"https:\/\/www.notibras.com\/site\/wp-json\/wp\/v2\/posts\/335715","targetHints":{"allow":["GET"]}}],"collection":[{"href":"https:\/\/www.notibras.com\/site\/wp-json\/wp\/v2\/posts"}],"about":[{"href":"https:\/\/www.notibras.com\/site\/wp-json\/wp\/v2\/types\/post"}],"author":[{"embeddable":true,"href":"https:\/\/www.notibras.com\/site\/wp-json\/wp\/v2\/users\/2"}],"replies":[{"embeddable":true,"href":"https:\/\/www.notibras.com\/site\/wp-json\/wp\/v2\/comments?post=335715"}],"version-history":[{"count":1,"href":"https:\/\/www.notibras.com\/site\/wp-json\/wp\/v2\/posts\/335715\/revisions"}],"predecessor-version":[{"id":335717,"href":"https:\/\/www.notibras.com\/site\/wp-json\/wp\/v2\/posts\/335715\/revisions\/335717"}],"wp:featuredmedia":[{"embeddable":true,"href":"https:\/\/www.notibras.com\/site\/wp-json\/wp\/v2\/media\/335716"}],"wp:attachment":[{"href":"https:\/\/www.notibras.com\/site\/wp-json\/wp\/v2\/media?parent=335715"}],"wp:term":[{"taxonomy":"category","embeddable":true,"href":"https:\/\/www.notibras.com\/site\/wp-json\/wp\/v2\/categories?post=335715"},{"taxonomy":"post_tag","embeddable":true,"href":"https:\/\/www.notibras.com\/site\/wp-json\/wp\/v2\/tags?post=335715"}],"curies":[{"name":"wp","href":"https:\/\/api.w.org\/{rel}","templated":true}]}}