{"id":335718,"date":"2024-09-02T00:01:28","date_gmt":"2024-09-02T03:01:28","guid":{"rendered":"https:\/\/www.notibras.com\/site\/?p=335718"},"modified":"2024-09-01T23:50:13","modified_gmt":"2024-09-02T02:50:13","slug":"governo-fara-maior-compra-da-agricultura-familiar-para-escolas","status":"publish","type":"post","link":"https:\/\/www.notibras.com\/site\/governo-fara-maior-compra-da-agricultura-familiar-para-escolas\/","title":{"rendered":"Governo far\u00e1 maior compra da agricultura familiar para escolas"},"content":{"rendered":"<p>Das produ\u00e7\u00f5es de agricultores familiares direto para o prato de estudantes da rede p\u00fablica de ensino. O Governo do Distrito Federal (GDF) vai investir R$ 32.662.254 na compra de frutas e hortali\u00e7as que ser\u00e3o usadas no preparo da alimenta\u00e7\u00e3o escolar. \u00c9 o maior valor da hist\u00f3ria, representando um aumento de mais de 20% em rela\u00e7\u00e3o ao investido no ano passado.<\/p>\n<p>O GDF vai investir mais de R$ 32 milh\u00f5es na compra de frutas e hortali\u00e7as produzidas pela agricultura familiar do DF, que ser\u00e3o usadas no preparo da alimenta\u00e7\u00e3o escolar| Fotos: Tony Oliveira\/ Ag\u00eancia Bras\u00edlia<\/p>\n<p>A compra \u00e9 feita por meio do Programa Nacional de Alimenta\u00e7\u00e3o Escolar (Pnae). A chamada p\u00fablica para sele\u00e7\u00e3o dos fornecedores foi lan\u00e7ada em 9 de agosto. Os acordos fechados agora garantir\u00e3o o fornecimento no pr\u00f3ximo ano letivo. Ao todo, s\u00e3o 32 variedades de frutas e hortali\u00e7as, que incluem, por exemplo, abacate, lim\u00e3o, morango, repolho, beterraba, cenoura e tomate.<\/p>\n<p>Os alimentos v\u00e3o para todas as 14 regionais de ensino do DF, chegando a 684 escolas e atendendo 400.370 estudantes. H\u00e1 ainda um contrato espec\u00edfico para a compra de org\u00e2nicos que, no momento, s\u00e3o destinados \u00e0s regionais do Guar\u00e1, S\u00e3o Sebasti\u00e3o e N\u00facleo Bandeirante.<\/p>\n<p>\u201cPara o Programa de Alimenta\u00e7\u00e3o Escolar do Distrito Federal, \u00e9 extremamente importante e relevante a oferta de frutas e verduras frescas, principalmente os hortifrutis provenientes da agricultura familiar. Al\u00e9m de oferecermos uma alimenta\u00e7\u00e3o adequada e saud\u00e1vel, a compra desses g\u00eaneros da agricultura familiar gera renda para os agricultores locais, fomentando dessa forma a produ\u00e7\u00e3o agr\u00edcola sustent\u00e1vel e a economia local\u201d, destaca a diretora de Alimenta\u00e7\u00e3o Escolar da Secretaria de Educa\u00e7\u00e3o, Juliene Santos.<\/p>\n<p>Participam do Pnae 634 agricultores familiares. Cliomarco Fernandes, que preside a Associa\u00e7\u00e3o dos Produtores Rurais de Alexandre Gusm\u00e3o (Aspag), em Brazl\u00e2ndia, \u00e9 um deles. \u201cAt\u00e9 hoje, est\u00e1 sendo o melhor programa para n\u00f3s, porque a gente planta e j\u00e1 tem a demanda daquela venda que vai para as escolas\u201d, exalta ele. \u201cOs alunos gostam demais. Na hora que a gente chega em uma escola, eles j\u00e1 v\u00e3o pedindo morango, [mexerica] ponkan\u2026 Qualquer fruta eles est\u00e3o atr\u00e1s\u201d.<\/p>\n<p><strong>Apoio<\/strong><br \/>\nTodos os contratos s\u00e3o acompanhados por um grupo que inclui a Secretaria de Educa\u00e7\u00e3o, a Secretaria de Agricultura, Abastecimento e Desenvolvimento Rural e a Empresa de Assist\u00eancia T\u00e9cnica e Extens\u00e3o Rural (Emater-DF). Essa \u00faltima \u00e9 a respons\u00e1vel por prestar todo tipo de apoio diretamente aos produtores. \u201cA gente, como \u00e9 produtor tamb\u00e9m, entende bastante essas dificuldades, de acesso a pol\u00edtica p\u00fablica, de buscar onde essas pol\u00edticas est\u00e3o, estar com eles orientando o que plantar, que \u00e9poca plantar para poder tentar atender \u00e0s demandas da institui\u00e7\u00e3o\u201d, explica H\u00e9lio Roberto Dias, extensionista rural da Emater.<\/p>\n<p>O profissional ainda enfatiza a import\u00e2ncia do programa para os agricultores familiares. \u201cO Pnae mudou a estrutura de plantios aqui na regi\u00e3o. Na \u00e9poca que ele foi montado, a gente tinha aqui uma \u00e1rea aproximada de 80 hectares. Hoje a gente tem 180. \u00c9 claro que a popula\u00e7\u00e3o aumenta, aumenta a demanda, mas houve um salto grande em algumas culturas\u201d, aponta H\u00e9lio. \u201c\u00c9 uma poupan\u00e7a. Ele sabe que tem um projeto, que tem um valor justo que \u00e9 pago, um valor combinado, que n\u00e3o tem essa flutua\u00e7\u00e3o de pre\u00e7o. Eu acho que o Pnae d\u00e1 uma seguran\u00e7a, uma garantia para o produtor\u201d.<\/p>\n<p>\u201c\u00c9 uma qualifica\u00e7\u00e3o\u201d, emenda a extensionista da Ger\u00eancia de Comercializa\u00e7\u00e3o e Organiza\u00e7\u00e3o Rural da Emater-DF, Vanessa Lira. \u201cAl\u00e9m de tudo, de estar fomentando a agricultura familiar, gerando renda, esse dinheiro voltando diretamente para a comunidade local, ele [o produtor] ainda est\u00e1 se preparando para o mercado em geral, porque para entregar no Pnae, ele precisa estar bem preparado comercialmente falando, precisa emitir nota, estar preocupado com a qualidade do produto\u2026 Ent\u00e3o, a gente entende que, se ele est\u00e1 preparado para entregar no Pnae, ele est\u00e1 preparado para acessar qualquer mercado\u201d, arremata.<\/p>\n","protected":false},"excerpt":{"rendered":"<p>Das produ\u00e7\u00f5es de agricultores familiares direto para o prato de estudantes da rede p\u00fablica de ensino. O Governo do Distrito Federal (GDF) vai investir R$ 32.662.254 na compra de frutas e hortali\u00e7as que ser\u00e3o usadas no preparo da alimenta\u00e7\u00e3o escolar. \u00c9 o maior valor da hist\u00f3ria, representando um aumento de mais de 20% em rela\u00e7\u00e3o [&hellip;]<\/p>\n","protected":false},"author":2,"featured_media":335719,"comment_status":"closed","ping_status":"closed","sticky":false,"template":"","format":"standard","meta":{"_acf_changed":false,"footnotes":""},"categories":[161],"tags":[],"class_list":["post-335718","post","type-post","status-publish","format-standard","has-post-thumbnail","hentry","category-quadradinho-em-foco"],"acf":[],"_links":{"self":[{"href":"https:\/\/www.notibras.com\/site\/wp-json\/wp\/v2\/posts\/335718","targetHints":{"allow":["GET"]}}],"collection":[{"href":"https:\/\/www.notibras.com\/site\/wp-json\/wp\/v2\/posts"}],"about":[{"href":"https:\/\/www.notibras.com\/site\/wp-json\/wp\/v2\/types\/post"}],"author":[{"embeddable":true,"href":"https:\/\/www.notibras.com\/site\/wp-json\/wp\/v2\/users\/2"}],"replies":[{"embeddable":true,"href":"https:\/\/www.notibras.com\/site\/wp-json\/wp\/v2\/comments?post=335718"}],"version-history":[{"count":1,"href":"https:\/\/www.notibras.com\/site\/wp-json\/wp\/v2\/posts\/335718\/revisions"}],"predecessor-version":[{"id":335720,"href":"https:\/\/www.notibras.com\/site\/wp-json\/wp\/v2\/posts\/335718\/revisions\/335720"}],"wp:featuredmedia":[{"embeddable":true,"href":"https:\/\/www.notibras.com\/site\/wp-json\/wp\/v2\/media\/335719"}],"wp:attachment":[{"href":"https:\/\/www.notibras.com\/site\/wp-json\/wp\/v2\/media?parent=335718"}],"wp:term":[{"taxonomy":"category","embeddable":true,"href":"https:\/\/www.notibras.com\/site\/wp-json\/wp\/v2\/categories?post=335718"},{"taxonomy":"post_tag","embeddable":true,"href":"https:\/\/www.notibras.com\/site\/wp-json\/wp\/v2\/tags?post=335718"}],"curies":[{"name":"wp","href":"https:\/\/api.w.org\/{rel}","templated":true}]}}