{"id":335761,"date":"2024-09-03T01:54:20","date_gmt":"2024-09-03T04:54:20","guid":{"rendered":"https:\/\/www.notibras.com\/site\/?p=335761"},"modified":"2024-09-02T21:55:45","modified_gmt":"2024-09-03T00:55:45","slug":"corte-no-auxilio-gas-em-2025-tem-efeito-de-uma-bomba-no-nordeste","status":"publish","type":"post","link":"https:\/\/www.notibras.com\/site\/corte-no-auxilio-gas-em-2025-tem-efeito-de-uma-bomba-no-nordeste\/","title":{"rendered":"Corte no aux\u00edlio g\u00e1s em 2025 tem efeito de uma bomba no Nordeste"},"content":{"rendered":"<p>Uma bomba de alto teor explosivo amea\u00e7a cair sobre as casas dos nordestinos de baixa renda. Vem a ser o anunciado corte, no or\u00e7amento do pr\u00f3ximo ano, na verba destinada ao programa Aux\u00edlio G\u00e1s: de 3 bilh\u00f5es 500 milh\u00f5es de reais para m\u00edseros 600 milh\u00f5es. A redu\u00e7\u00e3o ser\u00e1 de exatos 84%. Mesmo assim, o governo pretende ampliar as fam\u00edlias atendidas em todo o pa\u00eds &#8211; de 5 milh\u00f5es 500 mil, para 6 milh\u00f5es.<\/p>\n<p>Pela proposta da equipe econ\u00f4mica com cadeiras na Esplanada dos Minist\u00e9rios, em Bras\u00edlia, as distribuidoras de g\u00e1s de cozinha receberiam m\u00faltiplos incentivos para baratear o custo do produto. O subs\u00eddio seria coberto pela Caixa Econ\u00f4mica Federal. Mas as classes C, D e E, principais benefici\u00e1rias do dinheiro para comprar um botij\u00e3o a cada dois meses, temem que a medida se transforme em retrocesso.<\/p>\n<p>O projeto que reformula o Aux\u00edlio G\u00e1s precisa, por\u00e9m, ser aprovado pelo Congresso. \u00c9 justamente a\u00ed que a popula\u00e7\u00e3o de baixa renda, que mal consegue sobreviver com o Bolsa Fam\u00edlia, aposta na derrubada da ideia. Pela proposta do governo, o Tesouro Nacional deixar\u00e1 de receber receitas da explora\u00e7\u00e3o do petr\u00f3leo na camada pr\u00e9-sal que cabem \u00e0 Uni\u00e3o. O dinheiro seria transferido diretamente \u00e0 Caixa, que se tornaria a operadora do Aux\u00edlio G\u00e1s. Especialistas criticam a regra porque os subs\u00eddios do programa estariam fora do Or\u00e7amento Federal e do limite de gastos imposto pelo novo arcabou\u00e7o fiscal, o que abre espa\u00e7o para questionamentos do Tribunal de Contas da Uni\u00e3o.<\/p>\n<p><strong>Notibras<\/strong> ouviu lideres comunit\u00e1rios, na troca de mensagens pelo WhatsApp, sobre o assunto. O pensamento \u00e9 un\u00edssono: as fam\u00edlias praticamente abaixo da linha da pobreza ser\u00e3o as maiores prejudicadas. Tanto, que o benef\u00edcio, criado para ajudar quem vive em situa\u00e7\u00e3o de vulnerabilidade para arcar com o custo do g\u00e1s de cozinha, tornou-se um intervalo em meio a tempos dif\u00edceis. E a falta desse dinheiro na conta antecipa um sentimento de incerteza e medo para quem j\u00e1 vive \u00e0 margem da sociedade.<\/p>\n<p>No sert\u00e3o do Nordeste, onde a vida \u00e9 marcada por desafios como a seca prolongada e a falta de oportunidades de trabalho, o Aux\u00edlio G\u00e1s representa mais do que um simples subs\u00eddio: ele \u00e9 sin\u00f4nimo de dignidade. Maria de Lourdes, moradora de um pequeno vilarejo no interior do Cear\u00e1, conta que o aux\u00edlio \u00e9 essencial para que possa cozinhar para sua fam\u00edlia. \u201cAgora n\u00e3o sei como vou fazer. Com o pre\u00e7o do g\u00e1s t\u00e3o alto, vou ter que voltar a usar lenha, e isso \u00e9 mais dif\u00edcil pra mim, que j\u00e1 tenho a sa\u00fade fraca\u201d.<\/p>\n<p>A decis\u00e3o de cortar o benef\u00edcio afetar\u00e1 principalmente as fam\u00edlias mais vulner\u00e1veis, aquelas que dependem exclusivamente de programas sociais para sobreviver. Os crit\u00e9rios para a concess\u00e3o do Aux\u00edlio G\u00e1s tornaram-se mais r\u00edgidos, excluindo muitos que, apesar de sua extrema necessidade, n\u00e3o se enquadram mais nas novas regras. A inseguran\u00e7a alimentar, j\u00e1 presente no cotidiano de muitos nordestinos, tende a se agravar sem esse apoio financeiro.<\/p>\n<p>O impacto desses cortes vai al\u00e9m das dificuldades financeiras. No \u00e2mbito social, a sensa\u00e7\u00e3o de abandono pelo poder p\u00fablico \u00e9 evidente. A retirada de um benef\u00edcio t\u00e3o importante \u00e9 vista por muitos como uma quebra de promessa, um descaso com uma popula\u00e7\u00e3o que mais necessita de apoio. Para Jos\u00e9 Ant\u00f4nio, um agricultor da Para\u00edba, o sentimento \u00e9 de revolta: \u201cUma gente \u00e9 esquecida aqui no Nordeste. Quando a ajuda chega, \u00e9 pouca e, quando a gente come\u00e7a a contar com ela, tiram de n\u00f3s&#8221;, desabafa.<\/p>\n<p>O governo, por sua vez, alega que os cortes s\u00e3o necess\u00e1rios para o equil\u00edbrio das contas p\u00fablicas e para o redirecionamento de recursos para outras \u00e1reas priorit\u00e1rias. No entanto, para quem vive na ponta, os n\u00fameros e as justificativas n\u00e3o s\u00e3o suficientes para suprir a falta do aux\u00edlio. A economia, quando feita \u00e0 custa dos mais pobres, parece mais um c\u00e1lculo frio que desconsidera a realidade daqueles que lutam diariamente pela sobreviv\u00eancia.<\/p>\n<p>Diante desse cen\u00e1rio, organiza\u00e7\u00f5es sociais e lideran\u00e7as comunit\u00e1rias come\u00e7am a se mobilizar para tentar reverter a situa\u00e7\u00e3o. Campanhas de arrecada\u00e7\u00e3o de alimentos e g\u00e1s de cozinha est\u00e3o sendo anunciadas previamente, mas todos sabem que isso n\u00e3o \u00e9 uma solu\u00e7\u00e3o sustent\u00e1vel. O que se espera, na verdade, \u00e9 que o governo reveja sua decis\u00e3o e compreenda que, para muitos nordestinos, o Aux\u00edlio G\u00e1s n\u00e3o \u00e9 um luxo, mas uma necessidade b\u00e1sica.<\/p>\n<p>A apreens\u00e3o permanece. E enquanto n\u00e3o houver uma solu\u00e7\u00e3o definitiva, milhares de nordestinos continuar\u00e3o a viver na incerteza de como ir\u00e3o cozinhar o pr\u00f3ximo alimento. Para eles, o corte no Aux\u00edlio G\u00e1s n\u00e3o representa apenas uma quest\u00e3o econ\u00f4mica, mas uma amea\u00e7a direta \u00e0 pr\u00f3pria sobreviv\u00eancia. At\u00e9 porque, argumentam, quem vai garantir que as distribuidoras fornecer\u00e3o g\u00e1s mais barato, mesmo que subsidiado?<\/p>\n","protected":false},"excerpt":{"rendered":"<p>Uma bomba de alto teor explosivo amea\u00e7a cair sobre as casas dos nordestinos de baixa renda. Vem a ser o anunciado corte, no or\u00e7amento do pr\u00f3ximo ano, na verba destinada ao programa Aux\u00edlio G\u00e1s: de 3 bilh\u00f5es 500 milh\u00f5es de reais para m\u00edseros 600 milh\u00f5es. A redu\u00e7\u00e3o ser\u00e1 de exatos 84%. Mesmo assim, o governo [&hellip;]<\/p>\n","protected":false},"author":2,"featured_media":335762,"comment_status":"closed","ping_status":"closed","sticky":false,"template":"","format":"standard","meta":{"_acf_changed":false,"footnotes":""},"categories":[165],"tags":[95],"class_list":["post-335761","post","type-post","status-publish","format-standard","has-post-thumbnail","hentry","category-nordeste","tag-capa"],"acf":[],"_links":{"self":[{"href":"https:\/\/www.notibras.com\/site\/wp-json\/wp\/v2\/posts\/335761","targetHints":{"allow":["GET"]}}],"collection":[{"href":"https:\/\/www.notibras.com\/site\/wp-json\/wp\/v2\/posts"}],"about":[{"href":"https:\/\/www.notibras.com\/site\/wp-json\/wp\/v2\/types\/post"}],"author":[{"embeddable":true,"href":"https:\/\/www.notibras.com\/site\/wp-json\/wp\/v2\/users\/2"}],"replies":[{"embeddable":true,"href":"https:\/\/www.notibras.com\/site\/wp-json\/wp\/v2\/comments?post=335761"}],"version-history":[{"count":1,"href":"https:\/\/www.notibras.com\/site\/wp-json\/wp\/v2\/posts\/335761\/revisions"}],"predecessor-version":[{"id":335763,"href":"https:\/\/www.notibras.com\/site\/wp-json\/wp\/v2\/posts\/335761\/revisions\/335763"}],"wp:featuredmedia":[{"embeddable":true,"href":"https:\/\/www.notibras.com\/site\/wp-json\/wp\/v2\/media\/335762"}],"wp:attachment":[{"href":"https:\/\/www.notibras.com\/site\/wp-json\/wp\/v2\/media?parent=335761"}],"wp:term":[{"taxonomy":"category","embeddable":true,"href":"https:\/\/www.notibras.com\/site\/wp-json\/wp\/v2\/categories?post=335761"},{"taxonomy":"post_tag","embeddable":true,"href":"https:\/\/www.notibras.com\/site\/wp-json\/wp\/v2\/tags?post=335761"}],"curies":[{"name":"wp","href":"https:\/\/api.w.org\/{rel}","templated":true}]}}