{"id":335770,"date":"2024-09-03T00:56:32","date_gmt":"2024-09-03T03:56:32","guid":{"rendered":"https:\/\/www.notibras.com\/site\/?p=335770"},"modified":"2024-09-02T23:08:09","modified_gmt":"2024-09-03T02:08:09","slug":"governo-vai-pode-contratar-mais-57-mil-servidores-no-proximo-ano","status":"publish","type":"post","link":"https:\/\/www.notibras.com\/site\/governo-vai-pode-contratar-mais-57-mil-servidores-no-proximo-ano\/","title":{"rendered":"Governo vai poder contratar mais 57 mil servidores no pr\u00f3ximo ano"},"content":{"rendered":"<p>O projeto de lei do Or\u00e7amento de 2025 autoriza a contrata\u00e7\u00e3o de 57.814 pessoas para o setor p\u00fablico no pr\u00f3ximo ano. Desse total, 53.599 correspondem ao Poder Executivo, dos quais 46.882 compor\u00e3o o banco de professores para as universidades e institutos t\u00e9cnicos federais. O restante (6.717 vagas) ir\u00e1 para as demais categorias, incluindo militares efetivos.<\/p>\n<p>Em rela\u00e7\u00e3o aos outros Poderes, o Or\u00e7amento prev\u00ea a contrata\u00e7\u00e3o de 3.524 pessoas no Judici\u00e1rio, 416 no Legislativo Federal, 232 no Minist\u00e9rio P\u00fablico Federal e no Conselho Nacional do Minist\u00e9rio P\u00fablico e 43 na Defensoria P\u00fablica da Uni\u00e3o, tratada como um Poder \u00e0 parte nas rubricas or\u00e7ament\u00e1rias.<\/p>\n<p>Enviada ao Congresso na \u00faltima sexta-feira (30), a proposta do Or\u00e7amento de 2025 reserva R$ 2 bilh\u00f5es para a realiza\u00e7\u00e3o de novos concursos. Apesar das autoriza\u00e7\u00f5es, o secret\u00e1rio de Or\u00e7amento Federal do Minist\u00e9rio do Planejamento e Or\u00e7amento, Clayton Luiz Montes, esclareceu que n\u00e3o est\u00e3o definidos os concursos nem os cargos a serem ofertados no pr\u00f3ximo ano.<\/p>\n<p>\u201cAssim como a ministra Esther [Dweck] adiantou, existe sim a previs\u00e3o de novos concursos para 2025. Tem previs\u00e3o para isso no Or\u00e7amento. N\u00e3o temos agora a abertura de quais concursos, para quem, mas existe a dota\u00e7\u00e3o or\u00e7ament\u00e1ria reservada para tais concursos. O Minist\u00e9rio da Gest\u00e3o e Inova\u00e7\u00e3o distribuiu uma nota, que informa haver uma reserva em torno de R$ 2 bilh\u00f5es para abertura de novos concursos\u201d, declarou Montes, em entrevista coletiva para detalhar o projeto do Or\u00e7amento de 2025.<\/p>\n<p>Em agosto, o governo federal realizou a primeira edi\u00e7\u00e3o do Concurso Nacional Unificado (CNU), que ofereceu 6.640 vagas em 21 minist\u00e9rios, ag\u00eancias e autarquias federais. No total, 970.037 pessoas fizeram a prova de um total de 2.114.145 inscritos, com absten\u00e7\u00e3o de 54,12%.<\/p>\n<p>Em entrevista recente ao programa Bom Dia, Ministro, a ministra da Gest\u00e3o e Inova\u00e7\u00e3o em Servi\u00e7os P\u00fablicos, Esther Dweck, disse que o governo estuda a realiza\u00e7\u00e3o de uma segunda edi\u00e7\u00e3o do CNU em 2025. Segundo ela, a decis\u00e3o depende do balan\u00e7o da primeira edi\u00e7\u00e3o do CNU e de previs\u00e3o or\u00e7ament\u00e1ria para as provas.<\/p>\n","protected":false},"excerpt":{"rendered":"<p>O projeto de lei do Or\u00e7amento de 2025 autoriza a contrata\u00e7\u00e3o de 57.814 pessoas para o setor p\u00fablico no pr\u00f3ximo ano. Desse total, 53.599 correspondem ao Poder Executivo, dos quais 46.882 compor\u00e3o o banco de professores para as universidades e institutos t\u00e9cnicos federais. O restante (6.717 vagas) ir\u00e1 para as demais categorias, incluindo militares efetivos. [&hellip;]<\/p>\n","protected":false},"author":2,"featured_media":335771,"comment_status":"closed","ping_status":"closed","sticky":false,"template":"","format":"standard","meta":{"_acf_changed":false,"footnotes":""},"categories":[161],"tags":[],"class_list":["post-335770","post","type-post","status-publish","format-standard","has-post-thumbnail","hentry","category-quadradinho-em-foco"],"acf":[],"_links":{"self":[{"href":"https:\/\/www.notibras.com\/site\/wp-json\/wp\/v2\/posts\/335770","targetHints":{"allow":["GET"]}}],"collection":[{"href":"https:\/\/www.notibras.com\/site\/wp-json\/wp\/v2\/posts"}],"about":[{"href":"https:\/\/www.notibras.com\/site\/wp-json\/wp\/v2\/types\/post"}],"author":[{"embeddable":true,"href":"https:\/\/www.notibras.com\/site\/wp-json\/wp\/v2\/users\/2"}],"replies":[{"embeddable":true,"href":"https:\/\/www.notibras.com\/site\/wp-json\/wp\/v2\/comments?post=335770"}],"version-history":[{"count":2,"href":"https:\/\/www.notibras.com\/site\/wp-json\/wp\/v2\/posts\/335770\/revisions"}],"predecessor-version":[{"id":335774,"href":"https:\/\/www.notibras.com\/site\/wp-json\/wp\/v2\/posts\/335770\/revisions\/335774"}],"wp:featuredmedia":[{"embeddable":true,"href":"https:\/\/www.notibras.com\/site\/wp-json\/wp\/v2\/media\/335771"}],"wp:attachment":[{"href":"https:\/\/www.notibras.com\/site\/wp-json\/wp\/v2\/media?parent=335770"}],"wp:term":[{"taxonomy":"category","embeddable":true,"href":"https:\/\/www.notibras.com\/site\/wp-json\/wp\/v2\/categories?post=335770"},{"taxonomy":"post_tag","embeddable":true,"href":"https:\/\/www.notibras.com\/site\/wp-json\/wp\/v2\/tags?post=335770"}],"curies":[{"name":"wp","href":"https:\/\/api.w.org\/{rel}","templated":true}]}}