{"id":335787,"date":"2024-09-03T00:13:04","date_gmt":"2024-09-03T03:13:04","guid":{"rendered":"https:\/\/www.notibras.com\/site\/?p=335787"},"modified":"2024-09-03T07:18:32","modified_gmt":"2024-09-03T10:18:32","slug":"aracaju-tem-avanco-do-sinal-vermelho-a-cada-38-minutos","status":"publish","type":"post","link":"https:\/\/www.notibras.com\/site\/aracaju-tem-avanco-do-sinal-vermelho-a-cada-38-minutos\/","title":{"rendered":"Aracaju tem avan\u00e7o do sinal vermelho a cada 38 minutos"},"content":{"rendered":"<p>Aracaju est\u00e1 com o tr\u00e2nsito de ve\u00edculos cada vez mais louco. Para se ter uma ideia, na\u00a0 capital de Sergipe houve um aumento significativo de 208% no n\u00famero de multas aplicadas por avan\u00e7o em sinal vermelho.<\/p>\n<p>Em julho de 2023, foram registradas 372 infra\u00e7\u00f5es dessa natureza. J\u00e1 no mesmo per\u00edodo de 2024, o n\u00famero subiu para 1.147, o que corresponde a uma infra\u00e7\u00e3o registrada a cada 38 minutos ao longo do m\u00eas.<\/p>\n<p>Esse aumento expressivo pode estar relacionado a uma intensifica\u00e7\u00e3o na fiscaliza\u00e7\u00e3o ou a uma maior conscientiza\u00e7\u00e3o sobre as infra\u00e7\u00f5es de tr\u00e2nsito.<\/p>\n<p>A situa\u00e7\u00e3o destaca a necessidade de uma maior aten\u00e7\u00e3o e respeito \u00e0s regras de tr\u00e2nsito por parte dos motoristas, visando a seguran\u00e7a de todos os usu\u00e1rios das vias.<\/p>\n","protected":false},"excerpt":{"rendered":"<p>Aracaju est\u00e1 com o tr\u00e2nsito de ve\u00edculos cada vez mais louco. Para se ter uma ideia, na\u00a0 capital de Sergipe houve um aumento significativo de 208% no n\u00famero de multas aplicadas por avan\u00e7o em sinal vermelho. Em julho de 2023, foram registradas 372 infra\u00e7\u00f5es dessa natureza. J\u00e1 no mesmo per\u00edodo de 2024, o n\u00famero subiu [&hellip;]<\/p>\n","protected":false},"author":2,"featured_media":335789,"comment_status":"closed","ping_status":"closed","sticky":false,"template":"","format":"standard","meta":{"_acf_changed":false,"footnotes":""},"categories":[165],"tags":[],"class_list":["post-335787","post","type-post","status-publish","format-standard","has-post-thumbnail","hentry","category-nordeste"],"acf":[],"_links":{"self":[{"href":"https:\/\/www.notibras.com\/site\/wp-json\/wp\/v2\/posts\/335787","targetHints":{"allow":["GET"]}}],"collection":[{"href":"https:\/\/www.notibras.com\/site\/wp-json\/wp\/v2\/posts"}],"about":[{"href":"https:\/\/www.notibras.com\/site\/wp-json\/wp\/v2\/types\/post"}],"author":[{"embeddable":true,"href":"https:\/\/www.notibras.com\/site\/wp-json\/wp\/v2\/users\/2"}],"replies":[{"embeddable":true,"href":"https:\/\/www.notibras.com\/site\/wp-json\/wp\/v2\/comments?post=335787"}],"version-history":[{"count":1,"href":"https:\/\/www.notibras.com\/site\/wp-json\/wp\/v2\/posts\/335787\/revisions"}],"predecessor-version":[{"id":335790,"href":"https:\/\/www.notibras.com\/site\/wp-json\/wp\/v2\/posts\/335787\/revisions\/335790"}],"wp:featuredmedia":[{"embeddable":true,"href":"https:\/\/www.notibras.com\/site\/wp-json\/wp\/v2\/media\/335789"}],"wp:attachment":[{"href":"https:\/\/www.notibras.com\/site\/wp-json\/wp\/v2\/media?parent=335787"}],"wp:term":[{"taxonomy":"category","embeddable":true,"href":"https:\/\/www.notibras.com\/site\/wp-json\/wp\/v2\/categories?post=335787"},{"taxonomy":"post_tag","embeddable":true,"href":"https:\/\/www.notibras.com\/site\/wp-json\/wp\/v2\/tags?post=335787"}],"curies":[{"name":"wp","href":"https:\/\/api.w.org\/{rel}","templated":true}]}}