{"id":335791,"date":"2024-09-03T00:27:06","date_gmt":"2024-09-03T03:27:06","guid":{"rendered":"https:\/\/www.notibras.com\/site\/?p=335791"},"modified":"2024-09-03T07:31:04","modified_gmt":"2024-09-03T10:31:04","slug":"escola-militar-ja-inscreve-para-proximo-ano-letivo","status":"publish","type":"post","link":"https:\/\/www.notibras.com\/site\/escola-militar-ja-inscreve-para-proximo-ano-letivo\/","title":{"rendered":"Escola Militar j\u00e1 inscreve para pr\u00f3ximo ano letivo"},"content":{"rendered":"<p>Em Salvador, a forma\u00e7\u00e3o de jovens nas escolas militares tem sido vista como uma alternativa educativa que fornece uma base s\u00f3lida em disciplina, valores c\u00edvicos e prepara\u00e7\u00e3o acad\u00eamica rigorosa. A Escola Militar da capital baiana, em particular, tem abertas suas portas para novos alunos, anunciando recentemente a abertura de inscri\u00e7\u00f5es para adolescentes que iniciam o 6\u00ba ano do Ensino Fundamental II em 2025.<\/p>\n<p>A educa\u00e7\u00e3o em uma escola militar \u00e9 frequentemente associada a um ambiente estruturado, que enfatiza a disciplina e o respeito \u00e0s autoridades. Os alunos s\u00e3o incentivados a desenvolver habilidades de lideran\u00e7a, trabalho em equipe e responsabilidade, qualidades essenciais para o desenvolvimento pessoal e profissional. Al\u00e9m disso, o curr\u00edculo \u00e9 projetado para proporcionar uma educa\u00e7\u00e3o acad\u00eamica de alta qualidade, muitas vezes com foco em ci\u00eancias, matem\u00e1tica e estudos sociais, complementada por atividades f\u00edsicas regulares.<\/p>\n<p>A presen\u00e7a de uma escola militar representa uma oportunidade importante para os jovens da cidade, oferecendo uma alternativa de ensino que pode preparar os alunos tanto para carreiras militares quanto para outras \u00e1reas profissionais. A forma\u00e7\u00e3o oferecida visa n\u00e3o apenas ao desenvolvimento intelectual, mas tamb\u00e9m ao crescimento moral e \u00e9tico, cultivando cidad\u00e3os respons\u00e1veis \u200b\u200be preparados para contribuir positivamente para a<\/p>\n<p>Assim, a abertura de inscri\u00e7\u00f5es para o ano letivo de 2025 marca uma nova oportunidade para fam\u00edlias que buscam uma educa\u00e7\u00e3o diferenciada para seus filhos, promovendo valores que v\u00e3o al\u00e9m do ensino acad\u00eamico tradicional.<\/p>\n","protected":false},"excerpt":{"rendered":"<p>Em Salvador, a forma\u00e7\u00e3o de jovens nas escolas militares tem sido vista como uma alternativa educativa que fornece uma base s\u00f3lida em disciplina, valores c\u00edvicos e prepara\u00e7\u00e3o acad\u00eamica rigorosa. A Escola Militar da capital baiana, em particular, tem abertas suas portas para novos alunos, anunciando recentemente a abertura de inscri\u00e7\u00f5es para adolescentes que iniciam o [&hellip;]<\/p>\n","protected":false},"author":2,"featured_media":335792,"comment_status":"closed","ping_status":"closed","sticky":false,"template":"","format":"standard","meta":{"_acf_changed":false,"footnotes":""},"categories":[165],"tags":[],"class_list":["post-335791","post","type-post","status-publish","format-standard","has-post-thumbnail","hentry","category-nordeste"],"acf":[],"_links":{"self":[{"href":"https:\/\/www.notibras.com\/site\/wp-json\/wp\/v2\/posts\/335791","targetHints":{"allow":["GET"]}}],"collection":[{"href":"https:\/\/www.notibras.com\/site\/wp-json\/wp\/v2\/posts"}],"about":[{"href":"https:\/\/www.notibras.com\/site\/wp-json\/wp\/v2\/types\/post"}],"author":[{"embeddable":true,"href":"https:\/\/www.notibras.com\/site\/wp-json\/wp\/v2\/users\/2"}],"replies":[{"embeddable":true,"href":"https:\/\/www.notibras.com\/site\/wp-json\/wp\/v2\/comments?post=335791"}],"version-history":[{"count":3,"href":"https:\/\/www.notibras.com\/site\/wp-json\/wp\/v2\/posts\/335791\/revisions"}],"predecessor-version":[{"id":335795,"href":"https:\/\/www.notibras.com\/site\/wp-json\/wp\/v2\/posts\/335791\/revisions\/335795"}],"wp:featuredmedia":[{"embeddable":true,"href":"https:\/\/www.notibras.com\/site\/wp-json\/wp\/v2\/media\/335792"}],"wp:attachment":[{"href":"https:\/\/www.notibras.com\/site\/wp-json\/wp\/v2\/media?parent=335791"}],"wp:term":[{"taxonomy":"category","embeddable":true,"href":"https:\/\/www.notibras.com\/site\/wp-json\/wp\/v2\/categories?post=335791"},{"taxonomy":"post_tag","embeddable":true,"href":"https:\/\/www.notibras.com\/site\/wp-json\/wp\/v2\/tags?post=335791"}],"curies":[{"name":"wp","href":"https:\/\/api.w.org\/{rel}","templated":true}]}}