{"id":335796,"date":"2024-09-03T00:01:09","date_gmt":"2024-09-03T03:01:09","guid":{"rendered":"https:\/\/www.notibras.com\/site\/?p=335796"},"modified":"2024-09-03T07:42:20","modified_gmt":"2024-09-03T10:42:20","slug":"fumaca-de-fogo-na-mata-provoca-acidentes-na-br-343","status":"publish","type":"post","link":"https:\/\/www.notibras.com\/site\/fumaca-de-fogo-na-mata-provoca-acidentes-na-br-343\/","title":{"rendered":"Fuma\u00e7a de fogo na mata provoca acidentes na BR-343"},"content":{"rendered":"<p>Uma densa n\u00e9voa de fuma\u00e7a tomou conta da BR-343, no trecho que liga as cidades piauienses de Floriano e Amarante. O fogo, que se alastrou rapidamente pela vegeta\u00e7\u00e3o seca \u00e0s margens da rodovia, foi o respons\u00e1vel por um acidente que envolveu v\u00e1rios ve\u00edculos.<\/p>\n<p>O clima seco e as altas temperaturas registradas nos \u00faltimos dias favoreceram o surgimento de focos de inc\u00eandio na regi\u00e3o. Neste caso espec\u00edfico, a combina\u00e7\u00e3o de fuma\u00e7a e vento forte criou uma cortina de fuma\u00e7a densa que, por alguns momentos, tornou imposs\u00edvel a visibilidade na estrada. Os motoristas pegos de surpresa pela baixa visibilidade n\u00e3o responderam a tempo com os freios, resultando em um efeito domin\u00f3.<\/p>\n<p>Os bombeiros foram acionados rapidamente e, em quest\u00e3o de minutos, estiveram no local para combater o inc\u00eandio e prestar os primeiros socorros \u00e0s v\u00edtimas. Felizmente, ningu\u00e9m feriu gravemente, mas os ve\u00edculos ficaram bastante danificados. A Pol\u00edcia Rodovi\u00e1ria Federal (PRF) tamb\u00e9m esteve presente para orientar o tr\u00e2nsito e desviar os carros para rotas alternativas enquanto a rodovia estava interditada.<\/p>\n<p>A PRF alertou os motoristas para redobrarem a aten\u00e7\u00e3o ao dirigir em condi\u00e7\u00f5es de visibilidade reduzida e lembrou a import\u00e2ncia de manter uma dist\u00e2ncia segura dos ve\u00edculos \u00e0 frente. Al\u00e9m disso, as autoridades locais j\u00e1 est\u00e3o investigando a causa do inc\u00eandio para determinar se foi um acidente ou se houve a\u00e7\u00e3o humana, j\u00e1 que queimadas s\u00e3o comuns nesta \u00e9poca do ano, especialmente em regi\u00f5es de vegeta\u00e7\u00e3o seca.<\/p>\n<p>O impacto do inc\u00eandio e do acidente subsequente destacam a necessidade de uma maior conscientiza\u00e7\u00e3o sobre os perigos das queimadas e as precau\u00e7\u00f5es que devem ser tomadas para evit\u00e1-las. A vegeta\u00e7\u00e3o seca, combinada com humanos descuidos, pode transformar rapidamente uma \u00e1rea importadora em um local de risco, colocando vidas em perigo e causando danos a materiais importantes.<\/p>\n<p>Por enquanto, a rodovia segue parcialmente interditada, com equipes trabalhando incessantemente para garantir a seguran\u00e7a dos motoristas e a retomada do tr\u00e2nsito normal. As autoridades locais pedem paci\u00eancia e coopera\u00e7\u00e3o da popula\u00e7\u00e3o, e lembram que, em casos de fuma\u00e7a densa, o mais seguro \u00e9 reduzir a velocidade e, se necess\u00e1rio, parar o ve\u00edculo em um local seguro at\u00e9 que a visibilidade melhore.<\/p>\n","protected":false},"excerpt":{"rendered":"<p>Uma densa n\u00e9voa de fuma\u00e7a tomou conta da BR-343, no trecho que liga as cidades piauienses de Floriano e Amarante. O fogo, que se alastrou rapidamente pela vegeta\u00e7\u00e3o seca \u00e0s margens da rodovia, foi o respons\u00e1vel por um acidente que envolveu v\u00e1rios ve\u00edculos. O clima seco e as altas temperaturas registradas nos \u00faltimos dias favoreceram [&hellip;]<\/p>\n","protected":false},"author":2,"featured_media":335797,"comment_status":"closed","ping_status":"closed","sticky":false,"template":"","format":"standard","meta":{"_acf_changed":false,"footnotes":""},"categories":[165],"tags":[],"class_list":["post-335796","post","type-post","status-publish","format-standard","has-post-thumbnail","hentry","category-nordeste"],"acf":[],"_links":{"self":[{"href":"https:\/\/www.notibras.com\/site\/wp-json\/wp\/v2\/posts\/335796","targetHints":{"allow":["GET"]}}],"collection":[{"href":"https:\/\/www.notibras.com\/site\/wp-json\/wp\/v2\/posts"}],"about":[{"href":"https:\/\/www.notibras.com\/site\/wp-json\/wp\/v2\/types\/post"}],"author":[{"embeddable":true,"href":"https:\/\/www.notibras.com\/site\/wp-json\/wp\/v2\/users\/2"}],"replies":[{"embeddable":true,"href":"https:\/\/www.notibras.com\/site\/wp-json\/wp\/v2\/comments?post=335796"}],"version-history":[{"count":1,"href":"https:\/\/www.notibras.com\/site\/wp-json\/wp\/v2\/posts\/335796\/revisions"}],"predecessor-version":[{"id":335798,"href":"https:\/\/www.notibras.com\/site\/wp-json\/wp\/v2\/posts\/335796\/revisions\/335798"}],"wp:featuredmedia":[{"embeddable":true,"href":"https:\/\/www.notibras.com\/site\/wp-json\/wp\/v2\/media\/335797"}],"wp:attachment":[{"href":"https:\/\/www.notibras.com\/site\/wp-json\/wp\/v2\/media?parent=335796"}],"wp:term":[{"taxonomy":"category","embeddable":true,"href":"https:\/\/www.notibras.com\/site\/wp-json\/wp\/v2\/categories?post=335796"},{"taxonomy":"post_tag","embeddable":true,"href":"https:\/\/www.notibras.com\/site\/wp-json\/wp\/v2\/tags?post=335796"}],"curies":[{"name":"wp","href":"https:\/\/api.w.org\/{rel}","templated":true}]}}