{"id":335799,"date":"2024-09-03T08:10:15","date_gmt":"2024-09-03T11:10:15","guid":{"rendered":"https:\/\/www.notibras.com\/site\/?p=335799"},"modified":"2024-09-03T08:10:15","modified_gmt":"2024-09-03T11:10:15","slug":"sobreviventes-de-quando-viver-era-luta-renhida","status":"publish","type":"post","link":"https:\/\/www.notibras.com\/site\/sobreviventes-de-quando-viver-era-luta-renhida\/","title":{"rendered":"Sobreviventes de quando viver era luta renhida"},"content":{"rendered":"<p>N\u00e3o nasci em ber\u00e7o de ouro. Tamb\u00e9m nunca passei fome extrema, apesar de ter chegado bem perto durante uma \u00e9poca que um certo ministro disse para um pa\u00eds faminto que o bolo precisaria crescer primeiro para, ent\u00e3o, dividi-lo. Por sorte, papai trabalhava em um matadouro e sempre trazia para casa alguns ossos, de onde arranc\u00e1vamos os resqu\u00edcios de carne que insistiam em ficar grudados, apesar da gan\u00e2ncia dos donos do frigor\u00edfico.<\/p>\n<p>Mam\u00e3e fervia aqueles ossos, que ficavam macios e, naqueles tempos, sent\u00edamo-nos privilegiados. Ela sempre dizia que tutano era bom para o sangue. Se \u00e9 verdade, nunca me interessei em saber. No entanto, acredito que minha m\u00e3e deveria ter raz\u00e3o, pois ningu\u00e9m na minha fam\u00edlia morreu de anemia.<\/p>\n<p>Perdemos Afonso, meu irm\u00e3o ca\u00e7ula, em 1974, por conta de meningite meningoc\u00f3cica. Meu pai, que quase perdeu o emprego nessa \u00e9poca, tratou logo de parar de falar sobre a doen\u00e7a que levou o filho. Ali\u00e1s, a partir de ent\u00e3o, percebi nos olhos do meu velho uma desilus\u00e3o com os rumos da na\u00e7\u00e3o.<\/p>\n<p>Foi por acaso que, j\u00e1 nos idos de 1990, encontrei o atestado de \u00f3bito do meu irm\u00e3o. L\u00e1 estava escrito que ele havia morrido por problemas cardiovasculares. Fiquei preocupada se algum de n\u00f3s tamb\u00e9m poderia ter herdado essa gen\u00e9tica. Foi a\u00ed que minha m\u00e3e me contou a verdade. Mesmo assim, tratei de fazer alguns exames, que nada constataram de anormal.<\/p>\n<p>\u00c9 engra\u00e7ado quando percebo gente t\u00e3o jovem desejando viver uma \u00e9poca gloriosa que, at\u00e9 onde me lembro, nunca existiu. Se sinto saudade daqueles anos, n\u00e3o \u00e9 pelas coisas terr\u00edveis que aconteciam, mas pela presen\u00e7a da fam\u00edlia reunida, do sorriso inocente do meu pobre irm\u00e3o, que n\u00e3o chegou a completar quatro anos.<\/p>\n<p>N\u00e3o posso reclamar da cria\u00e7\u00e3o que recebi dos meus pais. Sem muitos recursos e estudo, os dois fizeram de tudo para que os filhos pudessem passar menos agruras neste mundo t\u00e3o duro. Mam\u00e3e, certamente a de maior vis\u00e3o diante dos percal\u00e7os que ir\u00edamos enfrentar, procurava alertar a cria usando o tom mais doce que conseguia extrair da voz ao se lembrar do seu poeta favorito, Gon\u00e7alves Dias.<\/p>\n<p>\u2014 Crian\u00e7as, a vida \u00e9 luta renhida!<\/p>\n<p><strong>*Eduardo Mart\u00ednez \u00e9 autor do livro \u201c57 Contos e Cr\u00f4nicas por um Autor muito Velho\u201d.<\/strong><\/p>\n<p>Compre aqui\u00a0<span class=\"x19la9d6 x1fc57z9 x6ikm8r x10wlt62 x19co3pv x1g5zs5t xfibh0p xiy17q3 x1xsqp64 x1lkfr7t xexx8yu x4uap5 x18d9i69 xkhd6sd\"><span class=\"xrtxmta x1bhl96m\"><img decoding=\"async\" class=\"emoji\" role=\"img\" draggable=\"false\" src=\"https:\/\/s.w.org\/images\/core\/emoji\/14.0.0\/svg\/1f447-1f3ff.svg\" alt=\"&#x1f447;&#x1f3ff;\" \/><\/span><\/span><span class=\"x19la9d6 x1fc57z9 x6ikm8r x10wlt62 x19co3pv x1g5zs5t xfibh0p xiy17q3 x1xsqp64 x1lkfr7t xexx8yu x4uap5 x18d9i69 xkhd6sd\"><span class=\"xrtxmta x1bhl96m\"><img decoding=\"async\" class=\"emoji\" role=\"img\" draggable=\"false\" src=\"https:\/\/s.w.org\/images\/core\/emoji\/14.0.0\/svg\/1f447-1f3ff.svg\" alt=\"&#x1f447;&#x1f3ff;\" \/><\/span><\/span><span class=\"x19la9d6 x1fc57z9 x6ikm8r x10wlt62 x19co3pv x1g5zs5t xfibh0p xiy17q3 x1xsqp64 x1lkfr7t xexx8yu x4uap5 x18d9i69 xkhd6sd\"><span class=\"xrtxmta x1bhl96m\"><img decoding=\"async\" class=\"emoji\" role=\"img\" draggable=\"false\" src=\"https:\/\/s.w.org\/images\/core\/emoji\/14.0.0\/svg\/1f447-1f3ff.svg\" alt=\"&#x1f447;&#x1f3ff;\" \/><\/span><\/span><\/p>\n<p><a href=\"http:\/\/www.joanineditora.com.br\/57-contos-e-cronicas-por-um-autor-muito-velho\">http:\/\/www.joanineditora.com.br\/57-contos-e-cronicas-por-um-autor-muito-velho<\/a><\/p>\n","protected":false},"excerpt":{"rendered":"<p>N\u00e3o nasci em ber\u00e7o de ouro. Tamb\u00e9m nunca passei fome extrema, apesar de ter chegado bem perto durante uma \u00e9poca que um certo ministro disse para um pa\u00eds faminto que o bolo precisaria crescer primeiro para, ent\u00e3o, dividi-lo. Por sorte, papai trabalhava em um matadouro e sempre trazia para casa alguns ossos, de onde arranc\u00e1vamos [&hellip;]<\/p>\n","protected":false},"author":2,"featured_media":335800,"comment_status":"closed","ping_status":"closed","sticky":false,"template":"","format":"standard","meta":{"_acf_changed":false,"footnotes":""},"categories":[161],"tags":[],"class_list":["post-335799","post","type-post","status-publish","format-standard","has-post-thumbnail","hentry","category-quadradinho-em-foco"],"acf":[],"_links":{"self":[{"href":"https:\/\/www.notibras.com\/site\/wp-json\/wp\/v2\/posts\/335799","targetHints":{"allow":["GET"]}}],"collection":[{"href":"https:\/\/www.notibras.com\/site\/wp-json\/wp\/v2\/posts"}],"about":[{"href":"https:\/\/www.notibras.com\/site\/wp-json\/wp\/v2\/types\/post"}],"author":[{"embeddable":true,"href":"https:\/\/www.notibras.com\/site\/wp-json\/wp\/v2\/users\/2"}],"replies":[{"embeddable":true,"href":"https:\/\/www.notibras.com\/site\/wp-json\/wp\/v2\/comments?post=335799"}],"version-history":[{"count":1,"href":"https:\/\/www.notibras.com\/site\/wp-json\/wp\/v2\/posts\/335799\/revisions"}],"predecessor-version":[{"id":335801,"href":"https:\/\/www.notibras.com\/site\/wp-json\/wp\/v2\/posts\/335799\/revisions\/335801"}],"wp:featuredmedia":[{"embeddable":true,"href":"https:\/\/www.notibras.com\/site\/wp-json\/wp\/v2\/media\/335800"}],"wp:attachment":[{"href":"https:\/\/www.notibras.com\/site\/wp-json\/wp\/v2\/media?parent=335799"}],"wp:term":[{"taxonomy":"category","embeddable":true,"href":"https:\/\/www.notibras.com\/site\/wp-json\/wp\/v2\/categories?post=335799"},{"taxonomy":"post_tag","embeddable":true,"href":"https:\/\/www.notibras.com\/site\/wp-json\/wp\/v2\/tags?post=335799"}],"curies":[{"name":"wp","href":"https:\/\/api.w.org\/{rel}","templated":true}]}}