{"id":335820,"date":"2024-09-03T16:16:13","date_gmt":"2024-09-03T19:16:13","guid":{"rendered":"https:\/\/www.notibras.com\/site\/?p=335820"},"modified":"2024-09-03T17:18:58","modified_gmt":"2024-09-03T20:18:58","slug":"entenda-como-a-frequencia-influencia-o-pagamento-do-pe-de-meia","status":"publish","type":"post","link":"https:\/\/www.notibras.com\/site\/entenda-como-a-frequencia-influencia-o-pagamento-do-pe-de-meia\/","title":{"rendered":"Entenda como a frequ\u00eancia influencia o pagamento do P\u00e9-de-Meia"},"content":{"rendered":"<p>Em vigor desde mar\u00e7o deste ano, o P\u00e9-de-Meia, um dos programas que mais ajudam os estudantes nordestinos de baixa renda, \u00e9 um incentivo financeiro-educacional pago pelo governo federal para promover a perman\u00eancia e a conclus\u00e3o escolar de pessoas matriculadas no ensino m\u00e9dio p\u00fablico. No total, cada estudante pode receber at\u00e9 R$ 9.200, desde que atenda aos crit\u00e9rios como os de frequ\u00eancia em, no m\u00ednimo, 80% das aulas. As informa\u00e7\u00f5es s\u00e3o do Minist\u00e9rio da Educa\u00e7\u00e3o.<\/p>\n<p>A parcela paga em um m\u00eas \u00e9 sempre referente \u00e0 frequ\u00eancia em meses anteriores e leva em conta um c\u00e1lculo cont\u00ednuo. O programa mede tanto a presen\u00e7a dos estudantes em cada m\u00eas de aula como a soma de todas as presen\u00e7as durante o ano letivo.<\/p>\n<p>Caso o aluno tenha uma frequ\u00eancia menor do que 80% em algum m\u00eas, a parcela referente a esse per\u00edodo n\u00e3o ser\u00e1 paga, mas, se nos meses seguintes ele continuar comparecendo \u00e0s aulas at\u00e9 acumular os 80% de m\u00e9dia de assiduidade, poder\u00e1 receber o incentivo daquele m\u00eas, que havia sido bloqueado.<\/p>\n<p>O estudante pode realizar a confer\u00eancia do seu hist\u00f3rico de comparecimento diretamente nas escolas. Justificativas de faltas s\u00e3o v\u00e1lidas, no entanto \u00e9 fundamental procurar a secretaria da escola ou o respons\u00e1vel pela frequ\u00eancia dos alunos para justificar as faltas o quanto antes, para que a institui\u00e7\u00e3o de ensino tenha tempo de atualizar o registro de frequ\u00eancia e enviar a informa\u00e7\u00e3o para a rede de ensino. E o mais importante: o estudante deve sempre lembrar de registrar sua presen\u00e7a nas aulas na hora da chamada.<\/p>\n<p><strong>Conta para recebimento<\/strong><br \/>\nOs dep\u00f3sitos s\u00e3o feitos pela Caixa Econ\u00f4mica Federal, em uma conta aberta automaticamente em nome dos estudantes que cumprem os crit\u00e9rios do programa.<\/p>\n<p>Caso o aluno contemplado seja menor\u202fde\u202fidade,\u202fpara\u202fmovimentar a conta, sacar o\u202fdinheiro ou utilizar\u202fo aplicativo\u202fCaixa\u202fTem,\u202f\u00e9\u202fnecess\u00e1rio que o respons\u00e1vel legal realize o consentimento\u202fe\u202fautorize\u202fseu uso pelo adolescente. Esse consentimento pode ser\u202ffeito pelo aplicativo Caixa Tem ou\u202fem uma ag\u00eancia banc\u00e1ria da Caixa.\u202fSe\u202fo aluno tiver\u202f18 anos ou mais, a conta j\u00e1 estar\u00e1\u202fdesbloqueada\u202fpara utiliza\u00e7\u00e3o do valor recebido.<\/p>\n<p>Consulte a resposta de outras d\u00favidas sobre o programa na sess\u00e3o de Perguntas Frequentes do P\u00e9-de-Meia, no site do Minist\u00e9rio da Educa\u00e7\u00e3o.<\/p>\n","protected":false},"excerpt":{"rendered":"<p>Em vigor desde mar\u00e7o deste ano, o P\u00e9-de-Meia, um dos programas que mais ajudam os estudantes nordestinos de baixa renda, \u00e9 um incentivo financeiro-educacional pago pelo governo federal para promover a perman\u00eancia e a conclus\u00e3o escolar de pessoas matriculadas no ensino m\u00e9dio p\u00fablico. No total, cada estudante pode receber at\u00e9 R$ 9.200, desde que atenda [&hellip;]<\/p>\n","protected":false},"author":2,"featured_media":335821,"comment_status":"closed","ping_status":"closed","sticky":false,"template":"","format":"standard","meta":{"_acf_changed":false,"footnotes":""},"categories":[165],"tags":[],"class_list":["post-335820","post","type-post","status-publish","format-standard","has-post-thumbnail","hentry","category-nordeste"],"acf":[],"_links":{"self":[{"href":"https:\/\/www.notibras.com\/site\/wp-json\/wp\/v2\/posts\/335820","targetHints":{"allow":["GET"]}}],"collection":[{"href":"https:\/\/www.notibras.com\/site\/wp-json\/wp\/v2\/posts"}],"about":[{"href":"https:\/\/www.notibras.com\/site\/wp-json\/wp\/v2\/types\/post"}],"author":[{"embeddable":true,"href":"https:\/\/www.notibras.com\/site\/wp-json\/wp\/v2\/users\/2"}],"replies":[{"embeddable":true,"href":"https:\/\/www.notibras.com\/site\/wp-json\/wp\/v2\/comments?post=335820"}],"version-history":[{"count":1,"href":"https:\/\/www.notibras.com\/site\/wp-json\/wp\/v2\/posts\/335820\/revisions"}],"predecessor-version":[{"id":335822,"href":"https:\/\/www.notibras.com\/site\/wp-json\/wp\/v2\/posts\/335820\/revisions\/335822"}],"wp:featuredmedia":[{"embeddable":true,"href":"https:\/\/www.notibras.com\/site\/wp-json\/wp\/v2\/media\/335821"}],"wp:attachment":[{"href":"https:\/\/www.notibras.com\/site\/wp-json\/wp\/v2\/media?parent=335820"}],"wp:term":[{"taxonomy":"category","embeddable":true,"href":"https:\/\/www.notibras.com\/site\/wp-json\/wp\/v2\/categories?post=335820"},{"taxonomy":"post_tag","embeddable":true,"href":"https:\/\/www.notibras.com\/site\/wp-json\/wp\/v2\/tags?post=335820"}],"curies":[{"name":"wp","href":"https:\/\/api.w.org\/{rel}","templated":true}]}}