{"id":335823,"date":"2024-09-03T18:58:46","date_gmt":"2024-09-03T21:58:46","guid":{"rendered":"https:\/\/www.notibras.com\/site\/?p=335823"},"modified":"2024-09-03T18:59:31","modified_gmt":"2024-09-03T21:59:31","slug":"brasilia-e-15-estados-entram-em-alerta-por-baixa-umidade-do-ar","status":"publish","type":"post","link":"https:\/\/www.notibras.com\/site\/brasilia-e-15-estados-entram-em-alerta-por-baixa-umidade-do-ar\/","title":{"rendered":"Bras\u00edlia e 15 estados entram em alerta por baixa umidade do ar"},"content":{"rendered":"<p>O Instituto Nacional de Meteorologia (Inmet) emitiu alerta laranja de perigo para baixa umidade no Distrito Federal e 15 estados. Al\u00e9m da capital da Rep\u00fablica, ser\u00e3o afetados pelo tempo seco Goi\u00e1s, Tocantins, Mato Grosso e Mato Grosso do Sul, al\u00e9m de partes de Maranh\u00e3o, Piau\u00ed, Cear\u00e1, Rio Grande do Norte, Pernambuco, Para\u00edba, Bahia, Minas Gerais, S\u00e3o Paulo, Paran\u00e1 e Rond\u00f4nia.<\/p>\n<p>Nesses locais, a umidade relativa do ar n\u00e3o deve passar dos 20% e h\u00e1 risco de inc\u00eandios florestais e \u00e0 sa\u00fade da popula\u00e7\u00e3o. De acordo com a Organiza\u00e7\u00e3o Mundial de Sa\u00fade (OMS), o limite ideal da umidade relativa do ar \u00e9 em torno de 60%.<\/p>\n<p>O Inmet orienta a popula\u00e7\u00e3o a beber mais l\u00edquido e evitar tanto atividades f\u00edsicas quanto a exposi\u00e7\u00e3o ao sol nas horas mais quentes do dia. Tamb\u00e9m \u00e9 importante que as pessoas intensifiquem o uso de hidratante de pele e umidifiquem os ambientes.<\/p>\n<p>Confira as unidades da federa\u00e7\u00e3o que devem registrar o tempo mais seco:<\/p>\n<p><strong>Distrito Federal<\/strong><br \/>\nO Inmet emitiu alerta laranja de baixa umidade, com perigo para onda de calor e risco \u00e0 sa\u00fade, com casos de ressecamento da pele e desconforto nos olhos, boca e nariz. A umidade relativa do ar deve variar entre 12% e 20%.<\/p>\n<p><strong>Minas Gerais<\/strong><br \/>\nA Secretaria de Estado de Meio Ambiente e Desenvolvimento Sustent\u00e1vel (Semad) publicou uma nota alertando para as regi\u00f5es que enfrentar\u00e3o umidades relativas do ar mais baixas, sendo o Tri\u00e2ngulo, Noroeste, Oeste e Sul do estado as \u00e1reas mais afetadas. A Semad tamb\u00e9m recomenda o uso de roupas leves e incentiva o consumo de frutas e verduras.<\/p>\n<p><strong>Mato Grosso do Sul<\/strong><br \/>\nO Inmet emitiu alertas amarelo, laranja e vermelho de baixa umidade, com perigo para onda de calor e risco de inc\u00eandios florestais e \u00e0 sa\u00fade. A umidade do ar est\u00e1 com a m\u00ednima prevista de 8% e a m\u00e1xima 20%. Em nota, a Governadoria do Estado do Mato Grosso do Sul explica que a situa\u00e7\u00e3o decorre de uma onda de calor, impulsionada pela atua\u00e7\u00e3o de uma massa de ar quente e seca.<\/p>\n","protected":false},"excerpt":{"rendered":"<p>O Instituto Nacional de Meteorologia (Inmet) emitiu alerta laranja de perigo para baixa umidade no Distrito Federal e 15 estados. Al\u00e9m da capital da Rep\u00fablica, ser\u00e3o afetados pelo tempo seco Goi\u00e1s, Tocantins, Mato Grosso e Mato Grosso do Sul, al\u00e9m de partes de Maranh\u00e3o, Piau\u00ed, Cear\u00e1, Rio Grande do Norte, Pernambuco, Para\u00edba, Bahia, Minas Gerais, [&hellip;]<\/p>\n","protected":false},"author":2,"featured_media":335824,"comment_status":"closed","ping_status":"closed","sticky":false,"template":"","format":"standard","meta":{"_acf_changed":false,"footnotes":""},"categories":[161],"tags":[95],"class_list":["post-335823","post","type-post","status-publish","format-standard","has-post-thumbnail","hentry","category-quadradinho-em-foco","tag-capa"],"acf":[],"_links":{"self":[{"href":"https:\/\/www.notibras.com\/site\/wp-json\/wp\/v2\/posts\/335823","targetHints":{"allow":["GET"]}}],"collection":[{"href":"https:\/\/www.notibras.com\/site\/wp-json\/wp\/v2\/posts"}],"about":[{"href":"https:\/\/www.notibras.com\/site\/wp-json\/wp\/v2\/types\/post"}],"author":[{"embeddable":true,"href":"https:\/\/www.notibras.com\/site\/wp-json\/wp\/v2\/users\/2"}],"replies":[{"embeddable":true,"href":"https:\/\/www.notibras.com\/site\/wp-json\/wp\/v2\/comments?post=335823"}],"version-history":[{"count":2,"href":"https:\/\/www.notibras.com\/site\/wp-json\/wp\/v2\/posts\/335823\/revisions"}],"predecessor-version":[{"id":335826,"href":"https:\/\/www.notibras.com\/site\/wp-json\/wp\/v2\/posts\/335823\/revisions\/335826"}],"wp:featuredmedia":[{"embeddable":true,"href":"https:\/\/www.notibras.com\/site\/wp-json\/wp\/v2\/media\/335824"}],"wp:attachment":[{"href":"https:\/\/www.notibras.com\/site\/wp-json\/wp\/v2\/media?parent=335823"}],"wp:term":[{"taxonomy":"category","embeddable":true,"href":"https:\/\/www.notibras.com\/site\/wp-json\/wp\/v2\/categories?post=335823"},{"taxonomy":"post_tag","embeddable":true,"href":"https:\/\/www.notibras.com\/site\/wp-json\/wp\/v2\/tags?post=335823"}],"curies":[{"name":"wp","href":"https:\/\/api.w.org\/{rel}","templated":true}]}}