{"id":335827,"date":"2024-09-04T01:37:58","date_gmt":"2024-09-04T04:37:58","guid":{"rendered":"https:\/\/www.notibras.com\/site\/?p=335827"},"modified":"2024-09-04T01:37:24","modified_gmt":"2024-09-04T04:37:24","slug":"litoral-rico-esconde-realidade-da-pobreza-nas-favelas-nordestinas","status":"publish","type":"post","link":"https:\/\/www.notibras.com\/site\/litoral-rico-esconde-realidade-da-pobreza-nas-favelas-nordestinas\/","title":{"rendered":"Litoral rico esconde realidade da pobreza nas favelas nordestinas"},"content":{"rendered":"<p>A disparidade social e econ\u00f4mica nas \u00e1reas urbanas do litoral nordestino, onde a riqueza e a pobreza coexistem em proximidade geogr\u00e1fica, \u00e9 uma realidade. As favelas, ou comunidades carentes, que muitas vezes ficam escondidas atr\u00e1s dos edif\u00edcios luxuosos e resorts \u00e0 beira-mar, s\u00e3o um reflexo gritante das desigualdades regionais no Nordeste.<\/p>\n<p>\u00c9 verdade que o litoral, da Bahia ao Maranh\u00e3o, \u00e9 conhecido por suas belas praias, resorts de luxo e condom\u00ednios fechados que atraem turistas do mundo inteiro. No entanto, a poucos metros dessas \u00e1reas privilegiadas, encontram-se favelas que abrigam milhares de fam\u00edlias vivendo em condi\u00e7\u00f5es prec\u00e1rias. Essas comunidades s\u00e3o um lembrete constante das desigualdades que ainda afetam grande parte da popula\u00e7\u00e3o brasileira.<\/p>\n<p>Nas favelas litor\u00e2neas, os moradores enfrentam uma s\u00e9rie de desafios, incluindo falta de saneamento b\u00e1sico, acesso limitado \u00e0 educa\u00e7\u00e3o e servi\u00e7os de sa\u00fade, e condi\u00e7\u00f5es de moradia inadequadas. A precariedade dessas \u00e1reas contrasta fortemente com o luxo vis\u00edvel nas proximidades, evidenciando a desarmonia na distribui\u00e7\u00e3o de riqueza.<\/p>\n<p>Al\u00e9m disso, a falta de oportunidades de emprego e a baixa remunera\u00e7\u00e3o agravam a situa\u00e7\u00e3o, mantendo os moradores dessas comunidades em um ciclo de pobreza. Muitos sobrevivem com trabalhos informais ou empregos mal remunerados no setor tur\u00edstico, como limpeza e servi\u00e7os gerais, mas essas ocupa\u00e7\u00f5es raramente proporcionam renda suficiente para garantir uma vida digna. O alento dessa gente s\u00e3o os programas sociais bancados pela Uni\u00e3o, como o Bolsa Fam\u00edlia, o Aux\u00edlio G\u00e1s e o P\u00e9 de Meia.<\/p>\n<p>A conviv\u00eancia entre a riqueza extrema e a pobreza extrema tamb\u00e9m tem um impacto significativo nas din\u00e2micas sociais e culturais da regi\u00e3o. As favelas s\u00e3o frequentemente estigmatizadas, e seus moradores enfrentam preconceitos que dificultam ainda mais o acesso a melhores oportunidades.<\/p>\n<p>Ao mesmo tempo, essas comunidades mant\u00eam viva a cultura nordestina, com suas tradi\u00e7\u00f5es, festas populares e manifesta\u00e7\u00f5es art\u00edsticas. No entanto, a falta de investimentos e de pol\u00edticas p\u00fablicas eficazes coloca em risco a preserva\u00e7\u00e3o dessa riqueza cultural.<\/p>\n<p>\u00c9 imposs\u00edvel fazer vista grossa para essa realidade. As favelas escondidas por tr\u00e1s dos edif\u00edcios ricos do litoral s\u00e3o um retrato das profundas desigualdades sociais que ainda permeiam o Brasil. Enquanto os turistas desfrutam das belezas naturais e do luxo oferecido pela regi\u00e3o, milhares de nordestinos lutam diariamente para sobreviver em condi\u00e7\u00f5es adversas, invis\u00edveis aos olhos de quem visita apenas a parte &#8220;bonita&#8221; do litoral.<\/p>\n<p>Esse cen\u00e1rio tem aparecido diariamente nos programas eleitorais por candidatos que buscam votos para prefeituras e c\u00e2maras municipais em outubro. Independente de ideologia, de cor partid\u00e1ria, a mensagem \u00e9 a mesma: \u00e9 essencial que essas quest\u00f5es sejam abordadas com seriedade, para que todos possam ter acesso a uma vida digna e justa.<\/p>\n","protected":false},"excerpt":{"rendered":"<p>A disparidade social e econ\u00f4mica nas \u00e1reas urbanas do litoral nordestino, onde a riqueza e a pobreza coexistem em proximidade geogr\u00e1fica, \u00e9 uma realidade. As favelas, ou comunidades carentes, que muitas vezes ficam escondidas atr\u00e1s dos edif\u00edcios luxuosos e resorts \u00e0 beira-mar, s\u00e3o um reflexo gritante das desigualdades regionais no Nordeste. \u00c9 verdade que o [&hellip;]<\/p>\n","protected":false},"author":2,"featured_media":335828,"comment_status":"closed","ping_status":"closed","sticky":false,"template":"","format":"standard","meta":{"_acf_changed":false,"footnotes":""},"categories":[165],"tags":[95],"class_list":["post-335827","post","type-post","status-publish","format-standard","has-post-thumbnail","hentry","category-nordeste","tag-capa"],"acf":[],"_links":{"self":[{"href":"https:\/\/www.notibras.com\/site\/wp-json\/wp\/v2\/posts\/335827","targetHints":{"allow":["GET"]}}],"collection":[{"href":"https:\/\/www.notibras.com\/site\/wp-json\/wp\/v2\/posts"}],"about":[{"href":"https:\/\/www.notibras.com\/site\/wp-json\/wp\/v2\/types\/post"}],"author":[{"embeddable":true,"href":"https:\/\/www.notibras.com\/site\/wp-json\/wp\/v2\/users\/2"}],"replies":[{"embeddable":true,"href":"https:\/\/www.notibras.com\/site\/wp-json\/wp\/v2\/comments?post=335827"}],"version-history":[{"count":1,"href":"https:\/\/www.notibras.com\/site\/wp-json\/wp\/v2\/posts\/335827\/revisions"}],"predecessor-version":[{"id":335829,"href":"https:\/\/www.notibras.com\/site\/wp-json\/wp\/v2\/posts\/335827\/revisions\/335829"}],"wp:featuredmedia":[{"embeddable":true,"href":"https:\/\/www.notibras.com\/site\/wp-json\/wp\/v2\/media\/335828"}],"wp:attachment":[{"href":"https:\/\/www.notibras.com\/site\/wp-json\/wp\/v2\/media?parent=335827"}],"wp:term":[{"taxonomy":"category","embeddable":true,"href":"https:\/\/www.notibras.com\/site\/wp-json\/wp\/v2\/categories?post=335827"},{"taxonomy":"post_tag","embeddable":true,"href":"https:\/\/www.notibras.com\/site\/wp-json\/wp\/v2\/tags?post=335827"}],"curies":[{"name":"wp","href":"https:\/\/api.w.org\/{rel}","templated":true}]}}