{"id":335835,"date":"2024-09-04T01:34:27","date_gmt":"2024-09-04T04:34:27","guid":{"rendered":"https:\/\/www.notibras.com\/site\/?p=335835"},"modified":"2024-09-05T08:54:37","modified_gmt":"2024-09-05T11:54:37","slug":"historias-de-assombracao-de-lucio-mais-velho-se-arrastam-ate-adolescencia","status":"publish","type":"post","link":"https:\/\/www.notibras.com\/site\/historias-de-assombracao-de-lucio-mais-velho-se-arrastam-ate-adolescencia\/","title":{"rendered":"Hist\u00f3rias de assombra\u00e7\u00e3o de L\u00facio, mais velho, se arrastam at\u00e9 adolesc\u00eancia"},"content":{"rendered":"<p>Hoje moro em um confort\u00e1vel apartamento, cujo refrescante piso de porcelanato me ajuda a suportar o calor infernal. Al\u00e9m do mais, \u00e9 mais f\u00e1cil manter o ch\u00e3o limpo, j\u00e1 que basta passar um pano \u00famido para ningu\u00e9m desconfiar que n\u00e3o posso mais me dar ao luxo de pagar uma faxineira. No m\u00e1ximo, uma diarista uma ou duas vezes por m\u00eas, dependendo de outros gastos, a maioria n\u00e3o sup\u00e9rflua para a minha idade.<\/p>\n<p>Na minha inf\u00e2ncia, morava numa casa com piso de tacos. Mam\u00e3e possu\u00eda at\u00e9 uma enceradeira, que se tornou pe\u00e7a de museu nos tempos de hoje. Mas n\u00e3o estou aqui para rememorar aqueles idos por conta desse eletrodom\u00e9stico barulhento, que, ainda por cima, causava interfer\u00eancia na televis\u00e3o, cuja programa\u00e7\u00e3o n\u00e3o conhecia as cores do arco-\u00edris.<\/p>\n<p>Justamente devido aos tacos, que eram feitos de madeira como todos os demais, o nosso lar, aos ouvidos mais atentos, era repleto de estalidos. Esse fen\u00f4meno, s\u00f3 soube anos mais tarde numa aula de f\u00edsica, era provocado pela dilata\u00e7\u00e3o e pela retra\u00e7\u00e3o da madeira por conta das varia\u00e7\u00f5es de temperatura. Tal revela\u00e7\u00e3o, ali\u00e1s, pelo menos no meu caso, foi mais traum\u00e1tica do que quando soube que Papai Noel n\u00e3o existe.<\/p>\n<p>N\u00e3o sei se o L\u00facio, meu irm\u00e3o, que \u00e9 dois anos mais velho, estava ciente desse fato f\u00edsico. Seja como for, enquanto costum\u00e1vamos ficar sentados no tapete da sala, ele adorava criar hist\u00f3rias de fantasmas. Era assustador, mas divertido.<\/p>\n<p>Vez ou outra, L\u00facio fazia pausas dram\u00e1ticas, como se querendo me provocar mais calafrios. Invariavelmente, eu perguntava se ele havia visto alguma assombra\u00e7\u00e3o. Meu irm\u00e3o arregalava aqueles olhos escuros enormes, colocava as m\u00e3os sobre os l\u00e1bios e me abra\u00e7ava, fingindo querer me proteger. S\u00f3 descobri anos mais tarde, quando, nunca dessas ocasi\u00f5es, tive coragem de abrir os olhos e, ent\u00e3o, percebi, atrav\u00e9s do reflexo do vidro da cristaleira, o sorriso de satisfa\u00e7\u00e3o nos seus l\u00e1bios c\u00ednicos.<\/p>\n<p>Apesar de tamanha revela\u00e7\u00e3o ter me libertado de tantos medos, nunca mencionei minha descoberta para L\u00facio, isto \u00e9, at\u00e9 ontem \u00e0 noite, quando houve mais uma daquelas chatas reuni\u00f5es familiares. N\u00e3o me interprete mal, n\u00e3o sou t\u00e3o ranzinza assim. Sem contar que, de vez em quando, consigo arrancar algumas boas gargalhadas do meu querido irm\u00e3o mais velho.<\/p>\n<p>Pois bem, l\u00e1 est\u00e1vamos reunidos na casa dos nossos pais, quando o meu irm\u00e3o, talvez tentando relembrar os velhos tempos, se sentou no tapete da sala e me puxou pelo bra\u00e7o. Que nem um devoto ca\u00e7ula, obedeci e me postei ao seu lado. Ele me abra\u00e7ou por um instante, at\u00e9 que come\u00e7ou a ensaiar mais uma daquelas hist\u00f3rias de terror. Fingi o pavor que h\u00e1 muito deixou de me acompanhar, quando ele me abra\u00e7ou novamente. Notei o mesmo sorriso c\u00ednico refletido na cristaleira. No entanto, dessa vez, nossos olhos se cruzaram.<\/p>\n<p>\u2014 Desde quando voc\u00ea sabe, Marcos?<\/p>\n<p>\u2014 J\u00e1 faz um tempinho. Creio que eu devia ter uns oito ou nove anos.<\/p>\n<p>\u2014 Que nada! Nessa \u00e9poca voc\u00ea era um boboca.<\/p>\n<p>L\u00facio tem raz\u00e3o. Naquela \u00e9poca eu era mesmo um boboca. S\u00f3 descobri quando eu j\u00e1 estava entrando na adolesc\u00eancia.<\/p>\n<p><strong>*Eduardo Mart\u00ednez \u00e9 autor do livro \u201c57 Contos e Cr\u00f4nicas por um Autor muito Velho\u201d.<\/strong><\/p>\n<p>Compre aqui\u00a0<span class=\"x19la9d6 x1fc57z9 x6ikm8r x10wlt62 x19co3pv x1g5zs5t xfibh0p xiy17q3 x1xsqp64 x1lkfr7t xexx8yu x4uap5 x18d9i69 xkhd6sd\"><span class=\"xrtxmta x1bhl96m\"><img decoding=\"async\" class=\"emoji\" role=\"img\" draggable=\"false\" src=\"https:\/\/s.w.org\/images\/core\/emoji\/14.0.0\/svg\/1f447-1f3ff.svg\" alt=\"&#x1f447;&#x1f3ff;\" \/><\/span><\/span><span class=\"x19la9d6 x1fc57z9 x6ikm8r x10wlt62 x19co3pv x1g5zs5t xfibh0p xiy17q3 x1xsqp64 x1lkfr7t xexx8yu x4uap5 x18d9i69 xkhd6sd\"><span class=\"xrtxmta x1bhl96m\"><img decoding=\"async\" class=\"emoji\" role=\"img\" draggable=\"false\" src=\"https:\/\/s.w.org\/images\/core\/emoji\/14.0.0\/svg\/1f447-1f3ff.svg\" alt=\"&#x1f447;&#x1f3ff;\" \/><\/span><\/span><span class=\"x19la9d6 x1fc57z9 x6ikm8r x10wlt62 x19co3pv x1g5zs5t xfibh0p xiy17q3 x1xsqp64 x1lkfr7t xexx8yu x4uap5 x18d9i69 xkhd6sd\"><span class=\"xrtxmta x1bhl96m\"><img decoding=\"async\" class=\"emoji\" role=\"img\" draggable=\"false\" src=\"https:\/\/s.w.org\/images\/core\/emoji\/14.0.0\/svg\/1f447-1f3ff.svg\" alt=\"&#x1f447;&#x1f3ff;\" \/><\/span><\/span><\/p>\n<p><a href=\"http:\/\/www.joanineditora.com.br\/57-contos-e-cronicas-por-um-autor-muito-velho\">http:\/\/www.joanineditora.com.br\/57-contos-e-cronicas-por-um-autor-muito-velho<\/a><\/p>\n","protected":false},"excerpt":{"rendered":"<p>Hoje moro em um confort\u00e1vel apartamento, cujo refrescante piso de porcelanato me ajuda a suportar o calor infernal. Al\u00e9m do mais, \u00e9 mais f\u00e1cil manter o ch\u00e3o limpo, j\u00e1 que basta passar um pano \u00famido para ningu\u00e9m desconfiar que n\u00e3o posso mais me dar ao luxo de pagar uma faxineira. No m\u00e1ximo, uma diarista uma [&hellip;]<\/p>\n","protected":false},"author":2,"featured_media":335836,"comment_status":"closed","ping_status":"closed","sticky":false,"template":"","format":"standard","meta":{"_acf_changed":false,"footnotes":""},"categories":[161],"tags":[],"class_list":["post-335835","post","type-post","status-publish","format-standard","has-post-thumbnail","hentry","category-quadradinho-em-foco"],"acf":[],"_links":{"self":[{"href":"https:\/\/www.notibras.com\/site\/wp-json\/wp\/v2\/posts\/335835","targetHints":{"allow":["GET"]}}],"collection":[{"href":"https:\/\/www.notibras.com\/site\/wp-json\/wp\/v2\/posts"}],"about":[{"href":"https:\/\/www.notibras.com\/site\/wp-json\/wp\/v2\/types\/post"}],"author":[{"embeddable":true,"href":"https:\/\/www.notibras.com\/site\/wp-json\/wp\/v2\/users\/2"}],"replies":[{"embeddable":true,"href":"https:\/\/www.notibras.com\/site\/wp-json\/wp\/v2\/comments?post=335835"}],"version-history":[{"count":4,"href":"https:\/\/www.notibras.com\/site\/wp-json\/wp\/v2\/posts\/335835\/revisions"}],"predecessor-version":[{"id":335973,"href":"https:\/\/www.notibras.com\/site\/wp-json\/wp\/v2\/posts\/335835\/revisions\/335973"}],"wp:featuredmedia":[{"embeddable":true,"href":"https:\/\/www.notibras.com\/site\/wp-json\/wp\/v2\/media\/335836"}],"wp:attachment":[{"href":"https:\/\/www.notibras.com\/site\/wp-json\/wp\/v2\/media?parent=335835"}],"wp:term":[{"taxonomy":"category","embeddable":true,"href":"https:\/\/www.notibras.com\/site\/wp-json\/wp\/v2\/categories?post=335835"},{"taxonomy":"post_tag","embeddable":true,"href":"https:\/\/www.notibras.com\/site\/wp-json\/wp\/v2\/tags?post=335835"}],"curies":[{"name":"wp","href":"https:\/\/api.w.org\/{rel}","templated":true}]}}