{"id":335849,"date":"2024-09-04T00:27:11","date_gmt":"2024-09-04T03:27:11","guid":{"rendered":"https:\/\/www.notibras.com\/site\/?p=335849"},"modified":"2024-09-04T01:57:32","modified_gmt":"2024-09-04T04:57:32","slug":"mostra-do-cinema-africano-leva-producoes-ineditas-a-salvador","status":"publish","type":"post","link":"https:\/\/www.notibras.com\/site\/mostra-do-cinema-africano-leva-producoes-ineditas-a-salvador\/","title":{"rendered":"Mostra do cinema africano leva produ\u00e7\u00f5es \u00e0 Bahia"},"content":{"rendered":"<p>A Mostra de Cinemas Africanos realiza mais uma edi\u00e7\u00e3o em Salvador (BA), entre os dias 18 e 25 de setembro com sess\u00f5es no Circuito Saladearte Cinema da UFBA, Cine MAM e Cinema do Museu, al\u00e9m do Cineteatro 2 de Julho. A programa\u00e7\u00e3o tamb\u00e9m \u00e9 marcada por um encontro in\u00e9dito que vai reunir mais de 50 profissionais do audiovisual africano e brasileiro, que atuam em diversos setores da cadeia de produ\u00e7\u00e3o, do roteiro \u00e0 distribui\u00e7\u00e3o. Outras atividades paralelas, como cursos, bate-papos e laborat\u00f3rio cr\u00edtico tamb\u00e9m integram a programa\u00e7\u00e3o.<\/p>\n<p>Nesta edi\u00e7\u00e3o, ser\u00e3o apresentados mais de 30 filmes de 16 pa\u00edses do continente africano, com v\u00e1rios t\u00edtulos in\u00e9ditos no Brasil e uma curadoria de programa\u00e7\u00f5es especiais que giram em torno de marcos hist\u00f3ricos como os 30 anos de liberdade na \u00c1frica do Sul, 30 anos do genoc\u00eddio em Ruanda e o centen\u00e1rio de Am\u00edlcar Cabral (1924-1973), ic\u00f4nico l\u00edder revolucion\u00e1rio da Guin\u00e9-Bissau e de Cabo Verde.<\/p>\n<p>A abertura do festival acontece dia 18 de setembro, com exibi\u00e7\u00e3o do filme \u201cBanel &amp; Adama\u201d (2023), da jovem franco-senegalesa Ramata-Toulaye Sy. O conto senegal\u00eas acompanha um jovem casal de uma pequena aldeia confrontado pelas conven\u00e7\u00f5es da sua comunidade. O filme concorreu \u00e0 Palma de Ouro no Festival de Cannes 2023 e faz sua pr\u00e9-estreia comercial no Brasil durante a Mostra. Outro destaque \u00e9 o longa \u201cBlack Tea \u2013 O Aroma do Amor\u201d (2024), de Abderrahmane Sissako, um dos cineastas mais consagrados do continente africano. O longa, in\u00e9dito no Brasil, conta a hist\u00f3ria de uma jovem da Costa do Marfim que se apaixona por um homem chin\u00eas mais velho, ap\u00f3s imigrar para a \u00c1sia. Ambos os cineastas estar\u00e3o presentes na programa\u00e7\u00e3o do festival.<\/p>\n<p>Entre os filmes estreantes no Brasil que tamb\u00e9m contar\u00e3o com a presen\u00e7a dos seus realizadores, est\u00e3o a docufic\u00e7\u00e3o \u201cPirinha\u201d (2024), da cabo-verdiana Natasha Craveiro, que apresenta a jornada de uma jovem lutando para libertar-se das masmorras de seu subconsciente e dos traumas de inf\u00e2ncia. Da \u00c1frica do Sul, o document\u00e1rio \u201cBanido\u201d (2024), de Naledi Bogacwi, narra os acontecimentos em torno do filme \u201cJoe Bullet\u201d (1973), composto totalmente por pessoas africanas negras e banido pelo governo do apartheid. J\u00e1 o nigeriano Dika Ofoma discute as complexidades das rela\u00e7\u00f5es comunit\u00e1rias e familiares em um contexto de tens\u00e3o pol\u00edtica no curta \u201cUma Segunda-feira Tranquila\u201d (2023).<\/p>\n<p>A Mostra de Cinemas Africanos 2024, \u00fanico festival no Brasil dedicado exclusivamente \u00e0 exibi\u00e7\u00e3o de filmes africanos contempor\u00e2neos, tem curadoria de longas-metragens assinada por Ana Camila Esteves, diretora e idealizadora do evento, e pela programadora senegalesa Ibee Ndaw. \u201cMais uma vez, reafirmamos nosso compromisso de trazer ao Brasil o melhor dos cinemas africanos recentes, permitindo ao p\u00fablico brasileiro conhecer e apreciar a riqueza e diversidade dessas cinematografias\u201d, afirma Ana Camila.<\/p>\n<p>Ela tamb\u00e9m destaca a import\u00e2ncia da Mostra em promover a produ\u00e7\u00e3o de conte\u00fado sobre o cinema africano: \u201c\u00c9 essencial para n\u00f3s abordar os acontecimentos que marcaram a Hist\u00f3ria da \u00c1frica, como os traumas do genoc\u00eddio de Ruanda e do apartheid na \u00c1frica do Sul, que ainda ressoam no imagin\u00e1rio dos cineastas desses pa\u00edses. Da mesma forma, celebrar o centen\u00e1rio do l\u00edder revolucion\u00e1rio Am\u00edlcar Cabral \u00e9 uma forma de homenagear as hist\u00f3rias de resist\u00eancia dos povos africanos como um todo\u201d.<\/p>\n","protected":false},"excerpt":{"rendered":"<p>A Mostra de Cinemas Africanos realiza mais uma edi\u00e7\u00e3o em Salvador (BA), entre os dias 18 e 25 de setembro com sess\u00f5es no Circuito Saladearte Cinema da UFBA, Cine MAM e Cinema do Museu, al\u00e9m do Cineteatro 2 de Julho. A programa\u00e7\u00e3o tamb\u00e9m \u00e9 marcada por um encontro in\u00e9dito que vai reunir mais de 50 [&hellip;]<\/p>\n","protected":false},"author":2,"featured_media":335850,"comment_status":"closed","ping_status":"closed","sticky":false,"template":"","format":"standard","meta":{"_acf_changed":false,"footnotes":""},"categories":[165],"tags":[],"class_list":["post-335849","post","type-post","status-publish","format-standard","has-post-thumbnail","hentry","category-nordeste"],"acf":[],"_links":{"self":[{"href":"https:\/\/www.notibras.com\/site\/wp-json\/wp\/v2\/posts\/335849","targetHints":{"allow":["GET"]}}],"collection":[{"href":"https:\/\/www.notibras.com\/site\/wp-json\/wp\/v2\/posts"}],"about":[{"href":"https:\/\/www.notibras.com\/site\/wp-json\/wp\/v2\/types\/post"}],"author":[{"embeddable":true,"href":"https:\/\/www.notibras.com\/site\/wp-json\/wp\/v2\/users\/2"}],"replies":[{"embeddable":true,"href":"https:\/\/www.notibras.com\/site\/wp-json\/wp\/v2\/comments?post=335849"}],"version-history":[{"count":2,"href":"https:\/\/www.notibras.com\/site\/wp-json\/wp\/v2\/posts\/335849\/revisions"}],"predecessor-version":[{"id":335860,"href":"https:\/\/www.notibras.com\/site\/wp-json\/wp\/v2\/posts\/335849\/revisions\/335860"}],"wp:featuredmedia":[{"embeddable":true,"href":"https:\/\/www.notibras.com\/site\/wp-json\/wp\/v2\/media\/335850"}],"wp:attachment":[{"href":"https:\/\/www.notibras.com\/site\/wp-json\/wp\/v2\/media?parent=335849"}],"wp:term":[{"taxonomy":"category","embeddable":true,"href":"https:\/\/www.notibras.com\/site\/wp-json\/wp\/v2\/categories?post=335849"},{"taxonomy":"post_tag","embeddable":true,"href":"https:\/\/www.notibras.com\/site\/wp-json\/wp\/v2\/tags?post=335849"}],"curies":[{"name":"wp","href":"https:\/\/api.w.org\/{rel}","templated":true}]}}