{"id":335852,"date":"2024-09-04T00:01:48","date_gmt":"2024-09-04T03:01:48","guid":{"rendered":"https:\/\/www.notibras.com\/site\/?p=335852"},"modified":"2024-09-04T01:43:46","modified_gmt":"2024-09-04T04:43:46","slug":"renovacao-do-licenciamento-de-carros-vai-ate-dezembro","status":"publish","type":"post","link":"https:\/\/www.notibras.com\/site\/renovacao-do-licenciamento-de-carros-vai-ate-dezembro\/","title":{"rendered":"Renova\u00e7\u00e3o do licenciamento de carros vai at\u00e9 dezembro"},"content":{"rendered":"<p>O Detran publicou a Instru\u00e7\u00e3o n\u00ba 543, de 29 de agosto de 2024, que estabelece os prazos para a renova\u00e7\u00e3o do licenciamento anual dos ve\u00edculos registrados no Distrito Federal. At\u00e9 o momento, 1.034.126 ve\u00edculos est\u00e3o licenciados, o que corresponde a 50% da frota registrada (2.060.860) e 81,3% da frota ativa \u2013 aquela que costuma ser licenciada (1.272.001).<\/p>\n<p>De acordo com a norma, ve\u00edculos com placa final 1 e 2 t\u00eam at\u00e9 dia 30 de setembro para realizar a renova\u00e7\u00e3o do licenciamento referente a 2024. A partir de 1\u00b0 de outubro, para a circula\u00e7\u00e3o desses ve\u00edculos ser\u00e1 necess\u00e1rio o Certificado de Registro e Licenciamento de Ve\u00edculo em meio digital (CRLV-e) 2024. Ve\u00edculos com placa terminada em 3, 4 e 5 devem ser licenciados at\u00e9 31 de outubro; at\u00e9 30 de novembro para os de final 6, 7 e 8; e at\u00e9 31 de dezembro, os de final 9 e 0.<\/p>\n<p>Ap\u00f3s a quita\u00e7\u00e3o dos d\u00e9bitos referentes a Imposto sobre Propriedade de Ve\u00edculos Automotores (IPVA), taxa de licenciamento e demais d\u00e9bitos decorrentes de multas ou servi\u00e7os pendentes, o CRLV-e 2024 ser\u00e1 disponibilizado ao propriet\u00e1rio, diretamente no aplicativo do Detran-DF Digital ou pelo Portal de Servi\u00e7os do Detran-DF. O documento tamb\u00e9m pode ser obtido no aplicativo do governo federal: Carteira Digital de Tr\u00e2nsito (CDT).<\/p>\n<p><strong>Fiscaliza\u00e7\u00e3o<\/strong><br \/>\nA partir do primeiro dia subsequente ao final do prazo definido no calend\u00e1rio de renova\u00e7\u00e3o do licenciamento, o condutor dever\u00e1 apresentar o CRLV-e 2024. De acordo com o C\u00f3digo de Tr\u00e2nsito Brasileiro (CTB), conduzir ve\u00edculo n\u00e3o licenciado \u00e9 considerado infra\u00e7\u00e3o grav\u00edssima e resulta em sete pontos na Carteira Nacional de Habilita\u00e7\u00e3o (CNH), recolhimento do ve\u00edculo e multa de R$ 293,47.<\/p>\n<p>Desde 2021, o certificado de licenciamento \u00e9 emitido apenas no formato digital. O CRLV-e pode ser apresentado na vers\u00e3o digital, por meio dos aplicativos oficiais, ou na vers\u00e3o impressa em papel A4 branco comum.<\/p>\n<p><strong>Cronograma<\/strong><br \/>\nFinal da placa 1 e 2 \u2013 Prazo at\u00e9 30 de setembro<br \/>\nFinal da placa 3, 4 e 5 \u2013 Prazo at\u00e9 31 de outubro<br \/>\nFinal da placa 6, 7 e 8 \u2013 Prazo at\u00e9 30 de novembro<br \/>\nFinal da placa 9 e 0 \u2013 Prazo at\u00e9 31 de dezembro<\/p>\n","protected":false},"excerpt":{"rendered":"<p>O Detran publicou a Instru\u00e7\u00e3o n\u00ba 543, de 29 de agosto de 2024, que estabelece os prazos para a renova\u00e7\u00e3o do licenciamento anual dos ve\u00edculos registrados no Distrito Federal. At\u00e9 o momento, 1.034.126 ve\u00edculos est\u00e3o licenciados, o que corresponde a 50% da frota registrada (2.060.860) e 81,3% da frota ativa \u2013 aquela que costuma ser [&hellip;]<\/p>\n","protected":false},"author":2,"featured_media":335853,"comment_status":"closed","ping_status":"closed","sticky":false,"template":"","format":"standard","meta":{"_acf_changed":false,"footnotes":""},"categories":[161],"tags":[],"class_list":["post-335852","post","type-post","status-publish","format-standard","has-post-thumbnail","hentry","category-quadradinho-em-foco"],"acf":[],"_links":{"self":[{"href":"https:\/\/www.notibras.com\/site\/wp-json\/wp\/v2\/posts\/335852","targetHints":{"allow":["GET"]}}],"collection":[{"href":"https:\/\/www.notibras.com\/site\/wp-json\/wp\/v2\/posts"}],"about":[{"href":"https:\/\/www.notibras.com\/site\/wp-json\/wp\/v2\/types\/post"}],"author":[{"embeddable":true,"href":"https:\/\/www.notibras.com\/site\/wp-json\/wp\/v2\/users\/2"}],"replies":[{"embeddable":true,"href":"https:\/\/www.notibras.com\/site\/wp-json\/wp\/v2\/comments?post=335852"}],"version-history":[{"count":1,"href":"https:\/\/www.notibras.com\/site\/wp-json\/wp\/v2\/posts\/335852\/revisions"}],"predecessor-version":[{"id":335854,"href":"https:\/\/www.notibras.com\/site\/wp-json\/wp\/v2\/posts\/335852\/revisions\/335854"}],"wp:featuredmedia":[{"embeddable":true,"href":"https:\/\/www.notibras.com\/site\/wp-json\/wp\/v2\/media\/335853"}],"wp:attachment":[{"href":"https:\/\/www.notibras.com\/site\/wp-json\/wp\/v2\/media?parent=335852"}],"wp:term":[{"taxonomy":"category","embeddable":true,"href":"https:\/\/www.notibras.com\/site\/wp-json\/wp\/v2\/categories?post=335852"},{"taxonomy":"post_tag","embeddable":true,"href":"https:\/\/www.notibras.com\/site\/wp-json\/wp\/v2\/tags?post=335852"}],"curies":[{"name":"wp","href":"https:\/\/api.w.org\/{rel}","templated":true}]}}