{"id":335855,"date":"2024-09-04T00:00:46","date_gmt":"2024-09-04T03:00:46","guid":{"rendered":"https:\/\/www.notibras.com\/site\/?p=335855"},"modified":"2024-09-04T01:49:19","modified_gmt":"2024-09-04T04:49:19","slug":"livro-infantil-de-educacao-ambiental-repercute-situacao-das-capivaras","status":"publish","type":"post","link":"https:\/\/www.notibras.com\/site\/livro-infantil-de-educacao-ambiental-repercute-situacao-das-capivaras\/","title":{"rendered":"Livro infantil de educa\u00e7\u00e3o ambiental repercute situa\u00e7\u00e3o das capivaras"},"content":{"rendered":"<p>Com o financiamento do Fundo do Meio Ambiente do Distrito Federal, gerido pela Secretaria de Meio Ambiente e Prote\u00e7\u00e3o Animal, a Universidade Cat\u00f3lica de Bras\u00edlia (UCB) desenvolveu uma aventura ilustrada de forma din\u00e2mica e divertida na obra O novo lar de Orfeu, dentro do Projeto de Monitoramento das Capivaras da Orla do Lago Parano\u00e1. A obra foi idealizada pelas professoras Melina Guimar\u00e3es e Morgana Bruno e tem ilustra\u00e7\u00f5es de Cris Eich.<\/p>\n<p>Com apelo l\u00fadico e ilustra\u00e7\u00f5es, o livro cont\u00e9m, ao final, importantes informa\u00e7\u00f5es sobre o modo de vida das capivaras e como se proteger dos inc\u00f4modos carrapatos. A hist\u00f3ria contada \u00e9 simples e possui um conte\u00fado importante sobre a distribui\u00e7\u00e3o daquela fauna silvestre, os impactos que afetam suas popula\u00e7\u00f5es, levando-as a colonizar novas \u00e1reas, al\u00e9m de problematizar a quest\u00e3o das queimadas no Cerrado e alguns de seus graves impactos.<\/p>\n<p>A obra faz parte de uma das metas do Projeto de Identifica\u00e7\u00e3o e Monitoramento da Popula\u00e7\u00e3o de Capivaras da Orla do Lago Parano\u00e1, uma iniciativa voltada \u00e0 pesquisa sobre a fauna e \u00e0 educa\u00e7\u00e3o ambiental visando a transmiss\u00e3o de conhecimento sobre as capivaras para a popula\u00e7\u00e3o. De acordo com a professora doutora Morgana Bruno, a ideia do lan\u00e7amento \u00e9 dar visibilidade ao projeto realizado com as capivaras na Orla do Lago Parano\u00e1. \u201cNo livro, tamb\u00e9m est\u00e3o presentes informa\u00e7\u00f5es importantes, frutos da pesquisa. A ideia \u00e9 promover a sensibiliza\u00e7\u00e3o das pessoas para uma conviv\u00eancia harmoniosa com a fauna urbana\u201d, explica.<\/p>\n<p>A presen\u00e7a de capivaras na Orla do Lago Parano\u00e1 \u00e9 um indicador de qualidade ambiental, mas tamb\u00e9m apresenta desafios, especialmente por ser aquela uma \u00e1rea urbana densamente povoada. O projeto contribui para o conhecimento cient\u00edfico sobre a esp\u00e9cie e permite a tomada de decis\u00f5es do poder p\u00fablico em rela\u00e7\u00e3o \u00e0 fauna silvestre.<\/p>\n","protected":false},"excerpt":{"rendered":"<p>Com o financiamento do Fundo do Meio Ambiente do Distrito Federal, gerido pela Secretaria de Meio Ambiente e Prote\u00e7\u00e3o Animal, a Universidade Cat\u00f3lica de Bras\u00edlia (UCB) desenvolveu uma aventura ilustrada de forma din\u00e2mica e divertida na obra O novo lar de Orfeu, dentro do Projeto de Monitoramento das Capivaras da Orla do Lago Parano\u00e1. A [&hellip;]<\/p>\n","protected":false},"author":2,"featured_media":335856,"comment_status":"closed","ping_status":"closed","sticky":false,"template":"","format":"standard","meta":{"_acf_changed":false,"footnotes":""},"categories":[161],"tags":[],"class_list":["post-335855","post","type-post","status-publish","format-standard","has-post-thumbnail","hentry","category-quadradinho-em-foco"],"acf":[],"_links":{"self":[{"href":"https:\/\/www.notibras.com\/site\/wp-json\/wp\/v2\/posts\/335855","targetHints":{"allow":["GET"]}}],"collection":[{"href":"https:\/\/www.notibras.com\/site\/wp-json\/wp\/v2\/posts"}],"about":[{"href":"https:\/\/www.notibras.com\/site\/wp-json\/wp\/v2\/types\/post"}],"author":[{"embeddable":true,"href":"https:\/\/www.notibras.com\/site\/wp-json\/wp\/v2\/users\/2"}],"replies":[{"embeddable":true,"href":"https:\/\/www.notibras.com\/site\/wp-json\/wp\/v2\/comments?post=335855"}],"version-history":[{"count":1,"href":"https:\/\/www.notibras.com\/site\/wp-json\/wp\/v2\/posts\/335855\/revisions"}],"predecessor-version":[{"id":335857,"href":"https:\/\/www.notibras.com\/site\/wp-json\/wp\/v2\/posts\/335855\/revisions\/335857"}],"wp:featuredmedia":[{"embeddable":true,"href":"https:\/\/www.notibras.com\/site\/wp-json\/wp\/v2\/media\/335856"}],"wp:attachment":[{"href":"https:\/\/www.notibras.com\/site\/wp-json\/wp\/v2\/media?parent=335855"}],"wp:term":[{"taxonomy":"category","embeddable":true,"href":"https:\/\/www.notibras.com\/site\/wp-json\/wp\/v2\/categories?post=335855"},{"taxonomy":"post_tag","embeddable":true,"href":"https:\/\/www.notibras.com\/site\/wp-json\/wp\/v2\/tags?post=335855"}],"curies":[{"name":"wp","href":"https:\/\/api.w.org\/{rel}","templated":true}]}}